{"id":20889,"date":"2022-06-06T20:28:48","date_gmt":"2022-06-06T18:28:48","guid":{"rendered":"https:\/\/www.mladibl.com\/?p=20889"},"modified":"2022-06-06T21:50:34","modified_gmt":"2022-06-06T19:50:34","slug":"seminar-za-trenere-i-sportske-profesionalce","status":"publish","type":"post","link":"https:\/\/www.mladibl.com\/?p=20889","title":{"rendered":"Seminar za trenere i sportske profesionalce"},"content":{"rendered":"\n<p>U okviru Erasmsus+ projekta\u201d SONKEI \u2013 Respect in Sport, Respect in Life\u201d, BRAVO organizacija otvara prijave za seminar za koji \u0107e se odr\u017eati 19. juna u Sarajevu sa po\u010detkom u 13:00 sati!<\/p>\n\n\n\n<p>Ovim putem pozivamo sve zainteresovane sportske trenere, menad\u017eere, sportiste, omladinske radnike koji rade u sportskom sektoru, predstavnike sportskih nevladinih organizacija i predstavnike bilo kojih sportova da nam se pridru\u017ee, te svojim u\u010de\u0161\u0107em i pozitivnom energijom doprinesu daljnjoj implementaciji projektnih aktivnosti i podizanju svijesti o zna\u010daju borbe protiv nasilja, rasizma, diskriminacije i netolerancije u sportu.<\/p>\n\n\n\n<p>Seminar \u0107e se odr\u017eati u prostorijama BM International hotela u Sarajevu, sa trajanjem od 13:00 sati do 16:00 sati. Kroz ovaj seminar \u0107ete dobiti detaljnije informacije i uvid u plan i ciljeve na\u0161ih projektnih aktivnosti \u2013 ali i prakti\u010dni primjer njihove realizacije. U\u010desnici \u0107e tako\u0111er imati priliku kroz drugi dio seminara saznati ne\u0161to vi\u0161e i o Erasmus + programu, te o Erasmus programu za mlade preduzetnike.<\/p>\n\n\n\n<p>Za\u0161to je sve ovo va\u017eno?<\/p>\n\n\n\n<p>Svjesni smo da problem nasilja i netolerancije u sportu nije na pravi na\u010din obra\u0111en u na\u0161oj zajednici i nije posve\u0107ena dovoljna paznja ovome problemu. U na\u0161im lokalnim sredinama nasilje u sportu je jo\u0161 uvijek tabu tema, a i nepoznanica mnogim sportskim kolektivima I ljudima uop\u0161te. Imamo vrlo ograni\u010den i malen broj izvje\u0161taja i istra\u017eivanja o ovim problemima u na\u0161oj zemlji, ali prema izvje\u0161tajima iz drugih EU zemljama i drugim zemljama \u0161irom svijeta, nasilje u sportu je prisutno i u na\u0161im zemljama.<\/p>\n\n\n\n<p>Mi smo grupa entuzijasti\u010dnih mladih ljudi koja \u017eeli da napravi promjenu i podigne svijest ljudi o zna\u010daju ovoga problema kroz mijenjanje na\u010dina razmi\u0161ljanja ljudi,edukacijom i iniciranjem dru\u0161tvenih promjena koje \u0107e osigurati sigurnije okru\u017eenje za sve. Jer sport ima kapacitet da uti\u010de, informi\u0161e i oblikuje stavove i pona\u0161anja.<\/p>\n\n\n\n<p>Na\u0161 cilj je da sprije\u010dimo nasilje i netoleranciju u sportu kroz edukaciju i promociju vrijednosti po\u0161tovanja, hrabrosti, rodne ravnopravnosti, inkluzije i nenasilja. Kako bi na\u0161 uticaj bio \u0161to ve\u0107i i, kako bi se uklju\u010dio \u0161to ve\u0107i broj ljudi, u realizaciji i implementaciji ovoga projekta u\u010destvuju 7 partnerskih organizacija iz 7 razli\u010ditih dr\u017eava Evrope, u okviru Erasmus+ programa koji je finansiran od strane Evropske komisije.<\/p>\n\n\n\n<p>Neki od glavnih ciljeva ovog projekta usagla\u0161enih od strane partnera su:<\/p>\n\n\n\n<ol class=\"wp-block-list\"><li>Identifikovati\/definisati razli\u010dite oblike nasilja i njegove manifestacije u sportu<\/li><li>Uvesti teoriju nenasilne komunikacije<\/li><li>Osna\u017eiti trenere znanjem i vje\u0161tinama koje im mogu pomo\u0107i da se izbore i sprije\u010de nasilje<\/li><li>Ja\u010danje socijalnih vje\u0161tina (empatija, razumijevanje potreba mladih, komunikacija\u2026) sportskih trenera<\/li><li>Istra\u017eiti mogu\u0107e uzroke nasilja<\/li><li>Predstaviti mogu\u0107e konstruktivne odgovore na nasilje \u2013 kako postupiti, kako podr\u017eati \u017ertvu, kako pomo\u0107i nasilnoj osobi da transformi\u0161e svoje pona\u0161anje<\/li><li>Predstaviti razne vje\u017ebe i igre koje poma\u017eu u prevenciji nasilja<\/li><\/ol>\n\n\n\n<p>Ko mo\u017ee u\u010destvovati?<\/p>\n\n\n\n<ul class=\"wp-block-list\"><li>Sportski treneri<\/li><li>Sportski menad\u017eeri<\/li><li>Sportisti<\/li><li>Omladinski radnici koji rade u sportskom sektoru<\/li><li>Predstavnici sportskih nevladinih organizacija<\/li><li>Predstavnici bilo kojih sportova<\/li><\/ul>\n\n\n\n<p>Putem ovog poziva \u017eelimo da motivi\u0161emo nacionalne i lokalne sportske organizacije, posebno donosioce odluka da na aktivniji na\u010din pristupe problemu nasilja i netolerancije u sportu.<\/p>\n\n\n\n<p>U\u010de\u0161\u0107em na ovom seminaru, dobit \u0107ete priliku da se dodatno informi\u0161ete o postavljenim ciljevima projekta i na\u010dinom na koji vi mo\u017eete doprinijeti \u0161to uspje\u0161nijoj implementaciji, realizaciji i postizanju maksimalnog rezultata.<\/p>\n\n\n\n<p>BUDITE I VI DIO PROMJENE, ZAJEDNO SA NAMA!<\/p>\n\n\n\n<p>Prijave su otvorene do 16.06. 2022., a iste mo\u017eete izvr\u0161iti putem aplikacione forme ispod.<\/p>\n\n\n\n<p><strong><a href=\"https:\/\/docs.google.com\/forms\/d\/1fc5bdRyfr1J3bXsPe2Ur1KzAg75C7z43hsn1iGzIjck\/viewform?ts=629a4910&amp;edit_requested=true\" target=\"_blank\" rel=\"noreferrer noopener\">PRIJAVITE SE<\/a><\/strong><\/p>\n\n\n\n<p>Preuzeto sa: <a href=\"https:\/\/bravo-bih.com\/seminar-za-trenere-i-sportske-profesionalce\/\" target=\"_blank\" rel=\"noreferrer noopener\">BRAVO<\/a><\/p>\n","protected":false},"excerpt":{"rendered":"<p>U okviru Erasmsus+ projekta\u201d SONKEI \u2013 Respect in Sport, Respect in Life\u201d, BRAVO organizacija otvara prijave za seminar za koji<\/p>\n","protected":false},"author":1,"featured_media":20874,"comment_status":"closed","ping_status":"open","sticky":false,"template":"","format":"standard","meta":{"om_disable_all_campaigns":false,"_monsterinsights_skip_tracking":false,"_monsterinsights_sitenote_active":false,"_monsterinsights_sitenote_note":"","_monsterinsights_sitenote_category":0,"footnotes":""},"categories":[6,8692],"tags":[1404,8842,2787],"class_list":["post-20889","post","type-post","status-publish","format-standard","has-post-thumbnail","hentry","category-dogadjaji","category-izdvajamo","tag-seminar","tag-sportski-profesionalci","tag-treneri"],"jetpack_featured_media_url":"https:\/\/www.mladibl.com\/wp-content\/uploads\/2022\/06\/Seminar-za-trenere-i-sportske-profesionalce.jpg","amp_enabled":true,"_links":{"self":[{"href":"https:\/\/www.mladibl.com\/index.php?rest_route=\/wp\/v2\/posts\/20889","targetHints":{"allow":["GET"]}}],"collection":[{"href":"https:\/\/www.mladibl.com\/index.php?rest_route=\/wp\/v2\/posts"}],"about":[{"href":"https:\/\/www.mladibl.com\/index.php?rest_route=\/wp\/v2\/types\/post"}],"author":[{"embeddable":true,"href":"https:\/\/www.mladibl.com\/index.php?rest_route=\/wp\/v2\/users\/1"}],"replies":[{"embeddable":true,"href":"https:\/\/www.mladibl.com\/index.php?rest_route=%2Fwp%2Fv2%2Fcomments&post=20889"}],"version-history":[{"count":1,"href":"https:\/\/www.mladibl.com\/index.php?rest_route=\/wp\/v2\/posts\/20889\/revisions"}],"predecessor-version":[{"id":20890,"href":"https:\/\/www.mladibl.com\/index.php?rest_route=\/wp\/v2\/posts\/20889\/revisions\/20890"}],"wp:featuredmedia":[{"embeddable":true,"href":"https:\/\/www.mladibl.com\/index.php?rest_route=\/wp\/v2\/media\/20874"}],"wp:attachment":[{"href":"https:\/\/www.mladibl.com\/index.php?rest_route=%2Fwp%2Fv2%2Fmedia&parent=20889"}],"wp:term":[{"taxonomy":"category","embeddable":true,"href":"https:\/\/www.mladibl.com\/index.php?rest_route=%2Fwp%2Fv2%2Fcategories&post=20889"},{"taxonomy":"post_tag","embeddable":true,"href":"https:\/\/www.mladibl.com\/index.php?rest_route=%2Fwp%2Fv2%2Ftags&post=20889"}],"curies":[{"name":"wp","href":"https:\/\/api.w.org\/{rel}","templated":true}]}}