{"id":20371,"date":"2022-05-15T22:03:23","date_gmt":"2022-05-15T20:03:23","guid":{"rendered":"https:\/\/www.mladibl.com\/?p=20371"},"modified":"2022-05-15T22:51:36","modified_gmt":"2022-05-15T20:51:36","slug":"pogledajte-spisak-maturskih-proslava-mature-od-ponedjeljka","status":"publish","type":"post","link":"https:\/\/www.mladibl.com\/?p=20371","title":{"rendered":"Pogledajte spisak maturskih proslava: Mature od ponedjeljka"},"content":{"rendered":"\n<p>Banjalu\u010dki maturanti nakon dvije godine pauze kona\u010dno \u0107e imati proslavu maturskih ve\u010deri.<\/p>\n\n\n\n<p>Ove godine sezonu otvara Tehni\u010dka \u0161kola u ponedjeljak, 16. maja, u hotelu &#8220;Bosna&#8221;, u 20 \u010dasova.<\/p>\n\n\n\n<p>\u0160kole okupljanje po\u010dinju u centru grada te sve\u010danim defileom kroz centar dolaze do mjesta proslave mature.<\/p>\n\n\n\n<p>Donosimo vam spisak satnica i mjesta okupljanja maturanata:<\/p>\n\n\n\n<ul class=\"wp-block-list\"><li>Tehni\u010dka \u0161kola, 16. maj, sa okupljanjem u 18.30 \u010dasova, dok je proslava u hotelu &#8220;Bosna&#8221;, u 20 \u010dasova;<\/li><li>Medicinska \u0161kola, 17. maja, na Trgu Krajine, u 19 \u010dasova, a proslava po\u010dinje u 20 \u010dasova u hotelu &#8220;Bosna&#8221;;<\/li><li>Katoli\u010dki \u0161kolski centar, 18. maj, u parku &#8220;Petar Ko\u010di\u0107&#8221;, u 19 \u010dasova, nakon \u010dega \u0107e proslaviti u hotelu &#8220;Courtyard by Marriott&#8221;;<\/li><li>Elektrotehni\u010dka \u0161kola &#8220;Nikola Tesla&#8221;, 18. maj, u parku &#8220;Petar Ko\u010di\u0107&#8221;, u 19 \u010dasova, a potom \u0107e proslava biti u hotelu &#8220;Bosna&#8221; sa po\u010detkom u 20 \u010dasova;<\/li><li>Ekonomska \u0161kola, 19. maj, sa okupljanjem u 19 \u010dasova i proslavom u hotelu &#8220;Bosna&#8221; u 20 \u010dasova;<\/li><li>Gra\u0111evinska \u0161kola, 20. maja, sa okupljanjem u 19 \u010dasova i proslavom u 20 \u010dasova u hotelu &#8220;Bosna&#8221;;<\/li><li>Gimnazija, 23. maj, u parku &#8220;Petar Ko\u010di\u0107&#8221;, u 19 \u010dasova, poslije \u010dega je maturska zabava u Banskom dvoru, u 20 \u010dasova;<\/li><li>Muzi\u010dka \u0161kola &#8220;Vlado Milo\u0161evi\u0107&#8221;, 23. maj, u parku &#8220;Petar Ko\u010di\u0107&#8221;, u 19 \u010dasova, a potom je proslava u Banskom dvoru u 20 \u010dasova;<\/li><li>Poljoprivredna \u0161kola 24. maj ima okupljanje na Trgu Krajine u 19 \u010dasova;<\/li><li>Politehni\u010dka \u0161kola, 25. maj, sa okupljanjem u 19 \u010dasova, a proslavom je u hotelu &#8220;Bosna&#8221; u 20 \u010dasova;<\/li><li>Srednjo\u0161kolski centar &#8220;Gaudeamus&#8221;, 25. maj je okupljanje u 19 \u010dasova, a nakon okupljanja odr\u017ea\u0107e se proslava u hotelu &#8220;Bosna&#8221;;<\/li><li>Srednjo\u0161kolski centar &#8220;Gemit-Apeiron&#8221;, 26. maja, sa okupljanjem u parku &#8220;Petar Ko\u010di\u0107&#8221;, u 18 \u010dasova, dok je proslava u hotelu &#8220;Bosna&#8221; u 19 \u010dasova;<\/li><li>Ugostiteljsko-trgovinsko-turisti\u010dka \u0161kola, 27. maja, sa okupljanjem u 19 \u010dasova ispred &#8220;Boske&#8221;, dok je sama proslava nakon toga u hotelu &#8220;Bosna&#8221; u 20 \u010dasova;<\/li><li>Srednjo\u0161kolski centar &#8220;Ljubi\u0161a Mladenovi\u0107&#8221;, 28. maja, ispred Hrama Hrista Spasitelja, u 19 \u010dasova, dok \u0107e proslava biti u hotelu &#8220;Integra&#8221;;<\/li><li>Tehnolo\u0161ka \u0161kola, 29. maja, na Trgu Krajine, u 19 \u010dasova, potom slijedi proslava u hotelu &#8220;Bosna&#8221; u 20 \u010dasova.<\/li><\/ul>\n\n\n\n<p>Izvor: Agencije<\/p>\n","protected":false},"excerpt":{"rendered":"<p>Banjalu\u010dki maturanti nakon dvije godine pauze kona\u010dno \u0107e imati proslavu maturskih ve\u010deri. Ove godine sezonu otvara Tehni\u010dka \u0161kola u ponedjeljak,<\/p>\n","protected":false},"author":1,"featured_media":20359,"comment_status":"closed","ping_status":"open","sticky":false,"template":"","format":"standard","meta":{"om_disable_all_campaigns":false,"_monsterinsights_skip_tracking":false,"_monsterinsights_sitenote_active":false,"_monsterinsights_sitenote_note":"","_monsterinsights_sitenote_category":0,"footnotes":""},"categories":[2],"tags":[53,8712],"class_list":["post-20371","post","type-post","status-publish","format-standard","has-post-thumbnail","hentry","category-vijesti","tag-banja-luka","tag-maturske-proslave"],"jetpack_featured_media_url":"https:\/\/www.mladibl.com\/wp-content\/uploads\/2022\/05\/Maturske-proslave-Banja-Luka.jpg","amp_enabled":true,"_links":{"self":[{"href":"https:\/\/www.mladibl.com\/index.php?rest_route=\/wp\/v2\/posts\/20371","targetHints":{"allow":["GET"]}}],"collection":[{"href":"https:\/\/www.mladibl.com\/index.php?rest_route=\/wp\/v2\/posts"}],"about":[{"href":"https:\/\/www.mladibl.com\/index.php?rest_route=\/wp\/v2\/types\/post"}],"author":[{"embeddable":true,"href":"https:\/\/www.mladibl.com\/index.php?rest_route=\/wp\/v2\/users\/1"}],"replies":[{"embeddable":true,"href":"https:\/\/www.mladibl.com\/index.php?rest_route=%2Fwp%2Fv2%2Fcomments&post=20371"}],"version-history":[{"count":1,"href":"https:\/\/www.mladibl.com\/index.php?rest_route=\/wp\/v2\/posts\/20371\/revisions"}],"predecessor-version":[{"id":20372,"href":"https:\/\/www.mladibl.com\/index.php?rest_route=\/wp\/v2\/posts\/20371\/revisions\/20372"}],"wp:featuredmedia":[{"embeddable":true,"href":"https:\/\/www.mladibl.com\/index.php?rest_route=\/wp\/v2\/media\/20359"}],"wp:attachment":[{"href":"https:\/\/www.mladibl.com\/index.php?rest_route=%2Fwp%2Fv2%2Fmedia&parent=20371"}],"wp:term":[{"taxonomy":"category","embeddable":true,"href":"https:\/\/www.mladibl.com\/index.php?rest_route=%2Fwp%2Fv2%2Fcategories&post=20371"},{"taxonomy":"post_tag","embeddable":true,"href":"https:\/\/www.mladibl.com\/index.php?rest_route=%2Fwp%2Fv2%2Ftags&post=20371"}],"curies":[{"name":"wp","href":"https:\/\/api.w.org\/{rel}","templated":true}]}}