{"id":20369,"date":"2022-05-15T22:02:07","date_gmt":"2022-05-15T20:02:07","guid":{"rendered":"https:\/\/www.mladibl.com\/?p=20369"},"modified":"2022-05-15T22:02:08","modified_gmt":"2022-05-15T20:02:08","slug":"u-banskom-dvoru-u-srijedu-izlozba-zverje-i-paperje","status":"publish","type":"post","link":"https:\/\/www.mladibl.com\/?p=20369","title":{"rendered":"U Banskom dvoru: U srijedu izlo\u017eba \u201eZverje i paperje\u201c"},"content":{"rendered":"\n<p>Izlo\u017ebena postavka \u201eZverje i paperje\u201c akademskih slikara Marka Kusmuka, Damjana Kova\u010devi\u0107a i Vladimira Lali\u0107a bi\u0107e otvorena u Malom izlo\u017ebenom salonu Banskog dvora u srijedu, 18.maja u 19.00 \u010dasova.<\/p>\n\n\n\n<p>\u201eNeformalna umjetni\u010dka grupa koju \u010dine tri autora bliskih godina, poetika i vizuelnih iskaza, zapo\u010dela je svoje zajedni\u010dko izlaganje u Galeriji \u201eSanjaj\u201c sa izlo\u017ebom \u201cTraga\u010di (Snova) u Beogradu, a nastavlja se sa izlo\u017ebom \u201cZverje i Paperje\u201d u Banskom dvoru, u Banja Luci \u2013 navedeno je u saop\u0161tenju Banskog dvora.<\/p>\n\n\n\n<p>Dodaju kako Marko Kusmuk, Damjan Kova\u010devi\u0107 i Vladimir Lali\u0107, nam otkrivaju svijet koji se de\u0161ava iza pojavnog i svakodnevnog.<\/p>\n\n\n\n<p>-Svaki od tri autora predstavi\u0107e se radovima po kojima je prepoznatljiv. Svojevrsni dijalog koji se uspostavlja unutar prostora koji su \u201ezaposjele\u201d napete li\u010dne vizije, otvara nemjerljive mogu\u0107nosti ponovnog i\u0161\u010ditavanja i identifikovanja sa estetsko-poetskim likovnim iskazima Kusmuka, Kova\u010devi\u0107a i Lali\u0107a \u2013 dodaju u saop\u0161tenju.<\/p>\n\n\n\n<p>Izlo\u017eba se organizuje u saradnji sa Galerijom \u201eSanjaj\u201c iz Beograda.<\/p>\n\n\n\n<p>Preuzeto sa: <a href=\"https:\/\/www.banjaluka.rs.ba\/u-banskom-dvoru-u-srijedu-izlozba-zverje-i-paperje\/\" target=\"_blank\" rel=\"noreferrer noopener\">Grad Banja Luka<\/a><\/p>\n","protected":false},"excerpt":{"rendered":"<p>Izlo\u017ebena postavka \u201eZverje i paperje\u201c akademskih slikara Marka Kusmuka, Damjana Kova\u010devi\u0107a i Vladimira Lali\u0107a bi\u0107e otvorena u Malom izlo\u017ebenom salonu<\/p>\n","protected":false},"author":1,"featured_media":20360,"comment_status":"closed","ping_status":"open","sticky":false,"template":"","format":"standard","meta":{"om_disable_all_campaigns":false,"_monsterinsights_skip_tracking":false,"_monsterinsights_sitenote_active":false,"_monsterinsights_sitenote_note":"","_monsterinsights_sitenote_category":0,"footnotes":""},"categories":[2],"tags":[881,699,8711],"class_list":["post-20369","post","type-post","status-publish","format-standard","has-post-thumbnail","hentry","category-vijesti","tag-banski-dvor","tag-izlozba","tag-zverje-i-paperje"],"jetpack_featured_media_url":"https:\/\/www.mladibl.com\/wp-content\/uploads\/2022\/05\/U-Banskom-dvoru-U-srijedu-izlozba-\u201eZverje-i-paperje.jpg","amp_enabled":true,"_links":{"self":[{"href":"https:\/\/www.mladibl.com\/index.php?rest_route=\/wp\/v2\/posts\/20369","targetHints":{"allow":["GET"]}}],"collection":[{"href":"https:\/\/www.mladibl.com\/index.php?rest_route=\/wp\/v2\/posts"}],"about":[{"href":"https:\/\/www.mladibl.com\/index.php?rest_route=\/wp\/v2\/types\/post"}],"author":[{"embeddable":true,"href":"https:\/\/www.mladibl.com\/index.php?rest_route=\/wp\/v2\/users\/1"}],"replies":[{"embeddable":true,"href":"https:\/\/www.mladibl.com\/index.php?rest_route=%2Fwp%2Fv2%2Fcomments&post=20369"}],"version-history":[{"count":1,"href":"https:\/\/www.mladibl.com\/index.php?rest_route=\/wp\/v2\/posts\/20369\/revisions"}],"predecessor-version":[{"id":20370,"href":"https:\/\/www.mladibl.com\/index.php?rest_route=\/wp\/v2\/posts\/20369\/revisions\/20370"}],"wp:featuredmedia":[{"embeddable":true,"href":"https:\/\/www.mladibl.com\/index.php?rest_route=\/wp\/v2\/media\/20360"}],"wp:attachment":[{"href":"https:\/\/www.mladibl.com\/index.php?rest_route=%2Fwp%2Fv2%2Fmedia&parent=20369"}],"wp:term":[{"taxonomy":"category","embeddable":true,"href":"https:\/\/www.mladibl.com\/index.php?rest_route=%2Fwp%2Fv2%2Fcategories&post=20369"},{"taxonomy":"post_tag","embeddable":true,"href":"https:\/\/www.mladibl.com\/index.php?rest_route=%2Fwp%2Fv2%2Ftags&post=20369"}],"curies":[{"name":"wp","href":"https:\/\/api.w.org\/{rel}","templated":true}]}}