{"id":20163,"date":"2022-05-06T23:16:37","date_gmt":"2022-05-06T21:16:37","guid":{"rendered":"https:\/\/www.mladibl.com\/?p=20163"},"modified":"2022-05-06T23:16:38","modified_gmt":"2022-05-06T21:16:38","slug":"banj-dan-dozivi-banjalucko-proljece-na-vrhu-grada","status":"publish","type":"post","link":"https:\/\/www.mladibl.com\/?p=20163","title":{"rendered":"Banj dan: Do\u017eivi \u201eBanjalu\u010dko prolje\u0107e\u201c na vrhu grada"},"content":{"rendered":"\n<p>U okviru manifestacije \u201eBanjalu\u010dko prolje\u0107e\u201c, na najpopularnijem banjalu\u010dkom izleti\u0161tu Banj brdu, u subotu 14. maja bi\u0107e odr\u017ean \u201eBanj dan\u201c.<\/p>\n\n\n\n<p>Rije\u010d je o poptuno novoj manifestaciji koja ima za cilj da dodatno promovi\u0161e najpoznatije gradsko izleti\u0161te, te da isto obogati mno\u0161tvom sadr\u017eaja, ali ono \u0161to je primarno jeste da se kroz brojne doga\u0111aje i manifestacija svim na\u0161im sugra\u0111anima dodatno skrene pa\u017enja na za\u0161titu i obnovu spomenika palim Kraji\u0161nicima.<\/p>\n\n\n\n<p>Tako \u0107e na lokaciji upravo kod spomenika, biti odr\u017eana akcija sa na\u0161im gra\u0111anima, dok \u0107e na izleti\u0161tu Tre\u0161njik biti odr\u017eano mno\u0161tvo koncerata.<\/p>\n\n\n\n<p>Cilj i \u017eelja je da se dodatno skrene pa\u017enja na za\u0161titu i obnovu spomenika na Banj brdu, ali i da uz koncerte, te dru\u017eenje u prirodi, bude promovisan zdrav na\u010din \u017eivota i da se poseban akcenat stavi na o\u010duvanje ekologije.<\/p>\n\n\n\n<p>Sama manifestacija \u201eBanj dan\u201c \u0107e po\u010deti u 11.00 \u010dasova, gdje \u0107e upravo kroz performans i edukaciju svi na\u0161i sugra\u0111ani imati priliku da se uklju\u010de u pri\u010du koja se ti\u010de zapu\u0161tenog spomenika, kao i njegove obnove.<\/p>\n\n\n\n<p>Nakon toga, u 12.00 \u010dasova, predvi\u0111en je koncert dje\u010dijeg hora \u201eVrap\u010di\u0107i\u201c, dok \u0107e od 14.00 \u010dasova sve na\u0161e sugra\u0111ane zabavljati Gradski tambura\u0161ku orkestar.<\/p>\n\n\n\n<p>Termin od 16.00 \u010dasova rezervisan je za Libertango, dok \u0107e u 18.00 \u010dasova nastupiti BL jazz voices.<\/p>\n\n\n\n<p>Uz edukaciju, performans, dobre koncerte i dru\u017eenje u prirodi ima\u0107e priliku da u\u017eivaju svi na\u0161i sugra\u0111ani.<\/p>\n\n\n\n<p>Preuzeto sa: <a href=\"https:\/\/www.banjaluka.rs.ba\/banj-dan-dozivi-banjalucko-proljece-na-vrhu-grada\/\" target=\"_blank\" rel=\"noreferrer noopener\">Grad Banja Luka<\/a><\/p>\n","protected":false},"excerpt":{"rendered":"<p>U okviru manifestacije \u201eBanjalu\u010dko prolje\u0107e\u201c, na najpopularnijem banjalu\u010dkom izleti\u0161tu Banj brdu, u subotu 14. maja bi\u0107e odr\u017ean \u201eBanj dan\u201c. Rije\u010d<\/p>\n","protected":false},"author":1,"featured_media":20157,"comment_status":"closed","ping_status":"open","sticky":false,"template":"","format":"standard","meta":{"om_disable_all_campaigns":false,"_monsterinsights_skip_tracking":false,"_monsterinsights_sitenote_active":false,"_monsterinsights_sitenote_note":"","_monsterinsights_sitenote_category":0,"footnotes":""},"categories":[2],"tags":[8664,8492],"class_list":["post-20163","post","type-post","status-publish","format-standard","has-post-thumbnail","hentry","category-vijesti","tag-banj-dan","tag-banjalucko-proljece"],"jetpack_featured_media_url":"https:\/\/www.mladibl.com\/wp-content\/uploads\/2022\/05\/Banj-dan-Dozivi-\u201eBanjalucko-proljece-na-vrhu-grada.jpg","amp_enabled":true,"_links":{"self":[{"href":"https:\/\/www.mladibl.com\/index.php?rest_route=\/wp\/v2\/posts\/20163","targetHints":{"allow":["GET"]}}],"collection":[{"href":"https:\/\/www.mladibl.com\/index.php?rest_route=\/wp\/v2\/posts"}],"about":[{"href":"https:\/\/www.mladibl.com\/index.php?rest_route=\/wp\/v2\/types\/post"}],"author":[{"embeddable":true,"href":"https:\/\/www.mladibl.com\/index.php?rest_route=\/wp\/v2\/users\/1"}],"replies":[{"embeddable":true,"href":"https:\/\/www.mladibl.com\/index.php?rest_route=%2Fwp%2Fv2%2Fcomments&post=20163"}],"version-history":[{"count":1,"href":"https:\/\/www.mladibl.com\/index.php?rest_route=\/wp\/v2\/posts\/20163\/revisions"}],"predecessor-version":[{"id":20164,"href":"https:\/\/www.mladibl.com\/index.php?rest_route=\/wp\/v2\/posts\/20163\/revisions\/20164"}],"wp:featuredmedia":[{"embeddable":true,"href":"https:\/\/www.mladibl.com\/index.php?rest_route=\/wp\/v2\/media\/20157"}],"wp:attachment":[{"href":"https:\/\/www.mladibl.com\/index.php?rest_route=%2Fwp%2Fv2%2Fmedia&parent=20163"}],"wp:term":[{"taxonomy":"category","embeddable":true,"href":"https:\/\/www.mladibl.com\/index.php?rest_route=%2Fwp%2Fv2%2Fcategories&post=20163"},{"taxonomy":"post_tag","embeddable":true,"href":"https:\/\/www.mladibl.com\/index.php?rest_route=%2Fwp%2Fv2%2Ftags&post=20163"}],"curies":[{"name":"wp","href":"https:\/\/api.w.org\/{rel}","templated":true}]}}