{"id":20161,"date":"2022-05-06T23:15:24","date_gmt":"2022-05-06T21:15:24","guid":{"rendered":"https:\/\/www.mladibl.com\/?p=20161"},"modified":"2022-05-06T23:15:25","modified_gmt":"2022-05-06T21:15:25","slug":"dan-pobjede-nad-fasizmom-9-maj-republicki-praznik-i-neradni-dan","status":"publish","type":"post","link":"https:\/\/www.mladibl.com\/?p=20161","title":{"rendered":"Dan pobjede nad fa\u0161izmom, 9. maj republi\u010dki praznik i neradni dan"},"content":{"rendered":"\n<p>U skladu sa Zakonom o praznicima Republike Srpske, 9. maj \u2013 Dan pobjede nad fa\u0161izmom je republi\u010dki praznik i neradni dan.<\/p>\n\n\n\n<p>Ina\u010de, u dane praznika Republike ne rade republi\u010dki organi i organizacije, organi jedinice lokalne samouprave, preduze\u0107a, ustanove i druge organizacije i lica koja profesionalno obavljaju uslu\u017ene i proizvodne djelatnosti.<\/p>\n\n\n\n<p>U Gradskoj upravi Grada Banje Luke 9. maj, u skladu sa Zakonom, bi\u0107e neradni dan s tim da \u0107e za eventualne hitne slu\u010dajeve \u2013 slu\u010dajeve smrti lica, \u010diji je upis u MK umrlih neodlo\u017ean radi prevoza tijela van teritorije BiH, biti organizovano telefonsko de\u017eurstvo mati\u010dara. Mati\u010dari se mogu kontaktirati 9. maja u terminu od 8.00 do 13.00 \u010dasova putem telefona broj: 051\/244\u2013444.<\/p>\n\n\n\n<p>Na dan republi\u010dkog praznika 9. maja, u skladu sa Odlukom o odre\u0111ivanju radnog vremena pravnim licima i preduzetnicima koji obavljaju trgovinsku, zanatsku i uslu\u017enu djelatnost na podru\u010dju grada Banje Luke, mogu da rade:<\/p>\n\n\n\n<p>-u vremenu od 00.00 do 24.00 \u010dasa pravna lica i preduzetnici koji obavljaju djelatnost proizvodnje hljeba, peciva, svje\u017ee tjestenine i kola\u010da, i prodaja istih; trgovinski objekti tipa \u201edragstor\u201c i trgovinski objekti u autobuskim i \u017eeljezni\u010dkim stanicama i na benzinskim pumpnim stanicama;<\/p>\n\n\n\n<p>\u2013 u vremenu od 8.00 do 21.00 \u010das \u2013 trgovine na malo pogrebnom opremom.<\/p>\n\n\n\n<p>Na Dan pobjede nad fa\u0161izmom, u ponedjeljak 9. maja, na podru\u010dju grada Banja Luka, u vremenu od 07.00 do 13.00 \u010dasova zaklju\u010dkom je data mogu\u0107nost rada prodajnim objektima samostalnih preduzetnika, koji se bave trgovinom na malo mesom \u2013 a na zahtjev Zanatsko-preduzetni\u010dke komore Republike Srpske, odnosno samostalnih preduzetnika koji su izrazili potrebu za radom.<\/p>\n\n\n\n<p>Na dan republi\u010dkog praznika, ugostiteljski objekti imaju mogu\u0107nost da rade u skladu sa va\u017ee\u0107om Odlukom.<\/p>\n\n\n\n<p>Poslodavci su radnicima, koji budu radili na dan republi\u010dkog praznika, du\u017eni da omogu\u0107e ostvarivanje prava u skladu sa zakonskim propisima o radu.<\/p>\n\n\n\n<p>Preuzeto sa: <a href=\"https:\/\/www.banjaluka.rs.ba\/9-maj-republicki-praznik-i-neradni-dan\/\" target=\"_blank\" rel=\"noreferrer noopener\">Grad Banja Luka<\/a><\/p>\n","protected":false},"excerpt":{"rendered":"<p>U skladu sa Zakonom o praznicima Republike Srpske, 9. maj \u2013 Dan pobjede nad fa\u0161izmom je republi\u010dki praznik i neradni<\/p>\n","protected":false},"author":1,"featured_media":20158,"comment_status":"closed","ping_status":"open","sticky":false,"template":"","format":"standard","meta":{"om_disable_all_campaigns":false,"_monsterinsights_skip_tracking":false,"_monsterinsights_sitenote_active":false,"_monsterinsights_sitenote_note":"","_monsterinsights_sitenote_category":0,"footnotes":""},"categories":[2],"tags":[4390,8655,2046,8663],"class_list":["post-20161","post","type-post","status-publish","format-standard","has-post-thumbnail","hentry","category-vijesti","tag-9-maj","tag-dan-pobjede","tag-neradni-dan","tag-praznik"],"jetpack_featured_media_url":"https:\/\/www.mladibl.com\/wp-content\/uploads\/2022\/05\/Dan-pobjede-nad-fasizmom-9.-maj-republicki-praznik-i-neradni-dan.jpg","amp_enabled":true,"_links":{"self":[{"href":"https:\/\/www.mladibl.com\/index.php?rest_route=\/wp\/v2\/posts\/20161","targetHints":{"allow":["GET"]}}],"collection":[{"href":"https:\/\/www.mladibl.com\/index.php?rest_route=\/wp\/v2\/posts"}],"about":[{"href":"https:\/\/www.mladibl.com\/index.php?rest_route=\/wp\/v2\/types\/post"}],"author":[{"embeddable":true,"href":"https:\/\/www.mladibl.com\/index.php?rest_route=\/wp\/v2\/users\/1"}],"replies":[{"embeddable":true,"href":"https:\/\/www.mladibl.com\/index.php?rest_route=%2Fwp%2Fv2%2Fcomments&post=20161"}],"version-history":[{"count":1,"href":"https:\/\/www.mladibl.com\/index.php?rest_route=\/wp\/v2\/posts\/20161\/revisions"}],"predecessor-version":[{"id":20162,"href":"https:\/\/www.mladibl.com\/index.php?rest_route=\/wp\/v2\/posts\/20161\/revisions\/20162"}],"wp:featuredmedia":[{"embeddable":true,"href":"https:\/\/www.mladibl.com\/index.php?rest_route=\/wp\/v2\/media\/20158"}],"wp:attachment":[{"href":"https:\/\/www.mladibl.com\/index.php?rest_route=%2Fwp%2Fv2%2Fmedia&parent=20161"}],"wp:term":[{"taxonomy":"category","embeddable":true,"href":"https:\/\/www.mladibl.com\/index.php?rest_route=%2Fwp%2Fv2%2Fcategories&post=20161"},{"taxonomy":"post_tag","embeddable":true,"href":"https:\/\/www.mladibl.com\/index.php?rest_route=%2Fwp%2Fv2%2Ftags&post=20161"}],"curies":[{"name":"wp","href":"https:\/\/api.w.org\/{rel}","templated":true}]}}