{"id":20148,"date":"2022-05-06T23:14:06","date_gmt":"2022-05-06T21:14:06","guid":{"rendered":"https:\/\/www.mladibl.com\/?p=20148"},"modified":"2022-05-06T23:14:08","modified_gmt":"2022-05-06T21:14:08","slug":"u-dane-vikenda-pogledajte-obustavu-saobracaja","status":"publish","type":"post","link":"https:\/\/www.mladibl.com\/?p=20148","title":{"rendered":"U dane vikenda: Pogledajte obustavu saobra\u0107aja"},"content":{"rendered":"\n<p>Zbog odr\u017eavanja sportske manifestacije \u201eRun&amp;More Weekend\u201c festivala, u okviru kojeg \u0107e se odr\u017eati polumaratonska trka u Banjoj Luci, predstoje\u0107eg vikenda bi\u0107e obustavljen saobra\u0107aj u vi\u0161e ulica na podru\u010dju grada.<\/p>\n\n\n\n<p>Tako \u0107e u subotu, 7. maja u periodu 14.00 do 20.00 \u010dasova naradnog dana, ta\u010dnije 8 maja, bi\u0107e obustavljen s Ulica Kralja Petra I Kara\u0111or\u0111evi\u0107a, na dijelu od Ulice Marije Bursa\u0107 do Ulice Milana Tepi\u0107a,<\/p>\n\n\n\n<p>U nedjelju, 8.maja u vremenu od 7.30 do 11.30 \u010dasova, do\u0107i \u0107e do obustave saobra\u0107aja u nekoliko ulica i to:<\/p>\n\n\n\n<p>-Kralja Petra I Kara\u0111or\u0111evi\u0107a, na dijelu od Ulice Dr Mladena Stojanovi\u0107a do Patre,<\/p>\n\n\n\n<p>-Bulevar cara Du\u0161ana, na dijelu od Ulice kraji\u0161kih brigada do Ulice \u0110ure Dani\u010di\u0107a,<\/p>\n\n\n\n<p>-Ulica Jovana Du\u010di\u0107a, na dijelu od Bulevara cara Du\u0161ana do Ulice srpskih pilota,<\/p>\n\n\n\n<p>-Ulica srpskih pilota, na dijelu od Ulice Jovana Du\u010di\u0107a do Ulice Milana Radmana,<\/p>\n\n\n\n<p>-Ulica Milana Radmana, na dijelu od Ulice srpskih pilota do Ulice prvog kraji\u0161kog korpusa,<\/p>\n\n\n\n<p>-Ulica prvog kraji\u0161kog korpusa, na dijelu od Vidovdanske ulice do Ulice kralja Petra II,<\/p>\n\n\n\n<p>-Ulica kralja Petra II, na dijelu od Ulice prvog kraji\u0161kog korpusa do Ulice Trive Amelice,<\/p>\n\n\n\n<p>-Ulica Trive Amelice, na dijelu od Ulice kralja Petra II do Ulice Dr Mladena Stojanovi\u0107a,<\/p>\n\n\n\n<p>-Ulica Dr Mladena Stojanovi\u0107a, na dijelu od Ulice Trive Amelice do Ulice kralja Petra I Kara\u0111or\u0111evi\u0107a,<\/p>\n\n\n\n<p>-Ulica olimpijskih pobjednika, na dijelu od Ulice prvog kraji\u0161kog korpusa do Gunduli\u0107eve ulice,<\/p>\n\n\n\n<p>-Gunduli\u0107eva ulica,<\/p>\n\n\n\n<p>-Aleja Svetog Save, na dijelu od Gunduli\u0107eve ulice do Ulice kralja Petra I Kara\u0111or\u0111evi\u0107a,<\/p>\n\n\n\n<p>-Ulica Gavre Vu\u010dkovi\u0107a,<\/p>\n\n\n\n<p>-Ulica majke Jugovi\u0107a, na dijelu od Ulice Gavre Vu\u010dkovi\u0107a do Bulevara vojvode Stepe Stepanovi\u0107a,<\/p>\n\n\n\n<p>-Bulevar vojvode Stepe Stepanovi\u0107a, na dijelu od Ulice majke Jugovi\u0107a do Ulice cara Lazara,<\/p>\n\n\n\n<p>-Ulica cara Lazara, na dijelu od Bulevara vojvode Stepe Stepanvi\u0107a do Patre,<\/p>\n\n\n\n<p>-Patra,<\/p>\n\n\n\n<p>-Kninska ulica i<\/p>\n\n\n\n<p>-Vidovdanska ulica.<\/p>\n\n\n\n<p>Za vrijeme trajanja obustave saobra\u0107aja regulisanje i preusmjeravanje saobra\u0107aja vr\u0161i\u0107e se na propisan na\u010din od strane pripadnika slu\u017ebenih lica Ministarstva unutra\u0161njih poslova Republike Srpske.<\/p>\n\n\n\n<p>Za vrijeme trajanja obustave saobra\u0107aja, u vremenu 14. 00 \u010dasova dana u subotu, 7. maja do 7.30 \u010dasova u nedjelju 08.maja, na linijama javnog prevoza putnika koje saobra\u0107aju Ulicom kralja Petra I Kara\u0111or\u0111evi\u0107a, dio od Bulevara cara Du\u0161ana do Ulice aleja Svetog Save, izvr\u0161i preusmjeravanje autobusa u ulice Bulevar cara Du\u0161ana, Kninska, Vidovdanska, Vuka Karad\u017ei\u0107a i dalje postoje\u0107om trasom.<\/p>\n\n\n\n<p>Za vrijeme trajanja obustave saobra\u0107aja, u nedjelju 08.maja u vremenu od 7.30 do 11.30 \u010dasova, na linijama javnog gradskog i prigradskog prevoza izvr\u0161i preusmjeravanje autobusa na slede\u0107i na\u010din:<\/p>\n\n\n\n<p>-linije broj 1 i 6 se preusmjeravaju iz Ulice bra\u0107e Pi\u0161telji\u0107a u ulice Ivana Gorana Kova\u010di\u0107a, Kraji\u0161kih brigada i dalje postoje\u0107om trasom, u povratku istim ulicama obrnutim redoslijedom,<\/p>\n\n\n\n<p>-linije broj 7 se preusmjerava iz Ulice Skendera Kulenovi\u0107a u ulice Solunsku, Omladinsku, Kraji\u0161kih brigada, Ranka \u0160ipke i dalje postoje\u0107om trasom, u povratku istim ulicama obrnutim redoslijedom,<\/p>\n\n\n\n<p>-linije broj 8 se preusmjerava iz Ulice bra\u0107e Pi\u0161telji\u0107a u ulice Ivana Gorana Kova\u010di\u0107a, Kraji\u0161kih brigada, Omladinska, Solunska, Skendera Kulenovi\u0107a i dalje postoje\u0107om trasom, u povratku istim ulicama obrnutim redoslijedom,<\/p>\n\n\n\n<p>-linije broj 9 i Banjaluka \u2013 Ljuba\u010devo se preusmjeravaju iz Bulevara Srpske vojske u Bulevar vojvode Petra Bojovi\u0107a, Bulevar Desanke Maksimovi\u0107, novoizgra\u0111eni dio Isto\u010dnog tranita, Ulica Gavrila Principa, Vojvode Pere Krece i dalje postoje\u0107om trasom, u povratku istim ulicama obrnutim redoslijedom,<\/p>\n\n\n\n<p>-linija broj 9 B se preusmjerava iz Ulice Gunduli\u0107eve desno u Aleju Svetog Save, zatim desno Isto\u010dnim tranzitom i dalje postoje\u0107om trasom,<\/p>\n\n\n\n<p>-linija broj 12 se preusmjerava iz Ulice Kraji\u0161kih brigada u Ulicu Ranka \u0160ipke, Vuka Karad\u017ei\u0107a, Vidovdanska Kninska, Bulevar cara Du\u0161ana, Kraji\u0161kih brigada i dalje registrovanom trasom,<\/p>\n\n\n\n<p>-linija broj 10 i 13 se preusmjeravaju iz Bulevara Srpske vojske u Bulevar vojvode Petra Bojovi\u0107a, Bulevar vojvode Stepe Stepanovi\u0107a, Cara Lazara i dalje postoje\u0107om trasom, u povratku istim ulicama obrnutim redoslijedom,<\/p>\n\n\n\n<p>-linije broj 13a i 13c se preusmjeravaju iz Ulice bra\u0107e Pi\u0161telji\u0107a u ulice Ivana Gorana Kova\u010di\u0107a, Kraji\u0161kih brigada, Ranka \u0160ipke, Vuka Karad\u017ei\u0107a, Vidovdanska, Kninska, Bulevar cara Du\u0161ana, do kru\u017enog toka i nazad istom trasom obrnutim redoslijedom,<\/p>\n\n\n\n<p>-linija broj 13b se preusmjerava iz Ulice Knjaza Milo\u0161a u ulice Ivana Gorana Kova\u010di\u0107a, Kraji\u0161kih brigada, Omladinska, Solunska, Skendera Kulenovi\u0107a, Radoje Domanovi\u0107a i dalje postoje\u0107om trasom, u povratku istim ulicama obrnutim redoslijedom,<\/p>\n\n\n\n<p>-linija broj 13p se preusmjerava Ulice Vuka Karad\u017ei\u0107a u ulice Vidovdanska, Kninska, Bulevar cara Du\u0161ana, Omladinska, Solunska, Isaije Mitrovi\u0107a, Patre i dalje postoje\u0107om trasom, u povratku istim ulicama obrnutim redoslijedom,<\/p>\n\n\n\n<p>-linija broj 14 se preusmjerava tako da autobusi saobra\u0107aju ulicama Srpskih ustanika, Jug Bogdana, Majke Jugovi\u0107a, Bulevar vojvode Stepe Stepanovi\u0107a, cara Lazara, Patre, Isaija Mitrovi\u0107a, Solunska, Omladinska, Kraji\u0161kih brigada, Ivana Gorana Kova\u010di\u0107a, Bulevar Srpske vojske, Bulevar vojvode Petra Bojovi\u0107a, Bulevar vojvode Stepe Stepanovi\u0107a i dalje postoje\u0107om trasom, u povratku istim ulicama obrnutim redoslijedom,<\/p>\n\n\n\n<p>-linija broj 17 se preusmjerava iz Patre u ulice Isaija Mitrovi\u0107a, Solunska, Omladinska, Kara\u0111or\u0111eva i dalje postoje\u0107om trasom, u povratku istim ulicama obrnutim redoslijedom,<\/p>\n\n\n\n<p>-linija broj 17a se preusmjerava iz Bulevara vojvode Patra Bojovi\u0107a, Bulevar srpske vojske, Ivana Gorana Kova\u010di\u0107a, Kraji\u0161kih brigada i dalje postoje\u0107om trasom, u povratku istim ulicama obrnutim redoslijedom<\/p>\n\n\n\n<p>-linije javnog prigradskog i republi\u010dkog prevoza iz smjera Bronzanog Majdana, se preusmjeravaju ulicama Kraji\u0161kih brigada, Ivana Gorana Kova\u010di\u0107a i dalje postoje\u0107om trasom prema stanici i<\/p>\n\n\n\n<p>-linije javnog republi\u010dkog prevoza iz smjera \u010celinca, se preusmjeravaju Ulicom Bulevar srpske vojske i dalje postoje\u0107om trasom,<\/p>\n\n\n\n<p>-linije javnog prigradskog i republi\u010dkog prevoza iz smjera sjevera, se preusmjeravju ulicama Ivana Gorana Kova\u010di\u0107a, Kraji\u0161kih brigada do kru\u017enog toka kod Gimnazije i nazad istom trasom obrnutim redoslijedom.<\/p>\n\n\n\n<p>Preuzeto sa: <a href=\"https:\/\/www.banjaluka.rs.ba\/u-dane-vikenda-pogledajte-obustavu-saobracaja\/\" target=\"_blank\" rel=\"noreferrer noopener\">Grad Banja Luka<\/a><\/p>\n","protected":false},"excerpt":{"rendered":"<p>Zbog odr\u017eavanja sportske manifestacije \u201eRun&amp;More Weekend\u201c festivala, u okviru kojeg \u0107e se odr\u017eati polumaratonska trka u Banjoj Luci, predstoje\u0107eg vikenda<\/p>\n","protected":false},"author":1,"featured_media":20159,"comment_status":"closed","ping_status":"open","sticky":false,"template":"","format":"standard","meta":{"om_disable_all_campaigns":false,"_monsterinsights_skip_tracking":false,"_monsterinsights_sitenote_active":false,"_monsterinsights_sitenote_note":"","_monsterinsights_sitenote_category":0,"footnotes":""},"categories":[2],"tags":[53,1662,1859],"class_list":["post-20148","post","type-post","status-publish","format-standard","has-post-thumbnail","hentry","category-vijesti","tag-banja-luka","tag-obustava","tag-saobracaj"],"jetpack_featured_media_url":"https:\/\/www.mladibl.com\/wp-content\/uploads\/2022\/05\/U-dane-vikenda-Pogledajte-obustavu-saobracaja.jpg","amp_enabled":true,"_links":{"self":[{"href":"https:\/\/www.mladibl.com\/index.php?rest_route=\/wp\/v2\/posts\/20148","targetHints":{"allow":["GET"]}}],"collection":[{"href":"https:\/\/www.mladibl.com\/index.php?rest_route=\/wp\/v2\/posts"}],"about":[{"href":"https:\/\/www.mladibl.com\/index.php?rest_route=\/wp\/v2\/types\/post"}],"author":[{"embeddable":true,"href":"https:\/\/www.mladibl.com\/index.php?rest_route=\/wp\/v2\/users\/1"}],"replies":[{"embeddable":true,"href":"https:\/\/www.mladibl.com\/index.php?rest_route=%2Fwp%2Fv2%2Fcomments&post=20148"}],"version-history":[{"count":1,"href":"https:\/\/www.mladibl.com\/index.php?rest_route=\/wp\/v2\/posts\/20148\/revisions"}],"predecessor-version":[{"id":20160,"href":"https:\/\/www.mladibl.com\/index.php?rest_route=\/wp\/v2\/posts\/20148\/revisions\/20160"}],"wp:featuredmedia":[{"embeddable":true,"href":"https:\/\/www.mladibl.com\/index.php?rest_route=\/wp\/v2\/media\/20159"}],"wp:attachment":[{"href":"https:\/\/www.mladibl.com\/index.php?rest_route=%2Fwp%2Fv2%2Fmedia&parent=20148"}],"wp:term":[{"taxonomy":"category","embeddable":true,"href":"https:\/\/www.mladibl.com\/index.php?rest_route=%2Fwp%2Fv2%2Fcategories&post=20148"},{"taxonomy":"post_tag","embeddable":true,"href":"https:\/\/www.mladibl.com\/index.php?rest_route=%2Fwp%2Fv2%2Ftags&post=20148"}],"curies":[{"name":"wp","href":"https:\/\/api.w.org\/{rel}","templated":true}]}}