{"id":20055,"date":"2022-05-03T23:18:38","date_gmt":"2022-05-03T21:18:38","guid":{"rendered":"https:\/\/www.mladibl.com\/?p=20055"},"modified":"2022-05-03T23:18:39","modified_gmt":"2022-05-03T21:18:39","slug":"poziv-za-ucesce-u-programu-lideri-ke-za-pravdu-2","status":"publish","type":"post","link":"https:\/\/www.mladibl.com\/?p=20055","title":{"rendered":"Poziv za u\u010de\u0161\u0107e u programu &#8220;Lideri\/ke za pravdu&#8221;"},"content":{"rendered":"\n<p>Udru\u017eenje \u201ePravnik\u201c iz Sarajeva, zajedno sa Programom vladavine prava u Jugoisto\u010dnoj Evropi Fondacije Konrad Adenauer, uz podr\u0161ku Misije OSCE-a u Bosni i Hercegovini, objavljuje poziv za tre\u0107u generaciju programa liderstva za pravnike iz Bosne i Hercegovine \u2013 \u201eLIDERI ZA PRAVDU\u201c.<\/p>\n\n\n\n<p>Ovaj program zasnovan je na uspjehu programa \u201eLeaders for Justice\u201d koji se uspje\u0161no implementira u Rumuniji vi\u0161e od deset godina od strane Programa vladavine prava u Jugoisto\u010dnoj Evropi Fondacije Konrad Adenauer i dvije uspje\u0161ne generacije programa istog naziva, realizovanog u Bosni i Hercegovini 2020. i 2021. godine.<\/p>\n\n\n\n<p>Poziv je otvoren za sve mlade pravnike (zaposlene u sudovima, tu\u017eila\u0161tvima, advokatskim kancelarijama, agencijama za provo\u0111enje zakona, nevladinim organizacijama ili privatnom sektoru, na univerzitetu itd.), kao i za studente prava (na zavr\u0161noj godini dodiplomskog studija), studente postdiplomskog i doktorskog studija prava, a koji nisu stariji od 35 godina na dan zatvaranja ovog poziva.<\/p>\n\n\n\n<p>Poziv za prijavu na ovaj program otvoren je od 01. do 25. maja 2022. godine. <strong><a href=\"https:\/\/forms.gle\/XpaPYiBykFAWQ4Qe9\" target=\"_blank\" rel=\"noreferrer noopener\">Prijavni obrazac<\/a><\/strong> je dostupan na na\u0161oj web stranici u online formi, a prijavu treba poslati najkasnije do 23:59 sati 25. maja 2022. godine putem on-line prijavnog obrasca.<\/p>\n\n\n\n<p>Za ovaj inovativni program biti \u0107e izabrano i stipendirano do 20 mladih pravnika sa liderskim potencijalom!<\/p>\n\n\n\n<p>U <strong><a href=\"https:\/\/forms.gle\/XpaPYiBykFAWQ4Qe9\" target=\"_blank\" rel=\"noreferrer noopener\">prijavi<\/a><\/strong> \u0107e biti potrebno unijeti biografske podatke, te dokazati svoju motivaciju odgovorima na sljede\u0107a pitanja:<\/p>\n\n\n\n<ul class=\"wp-block-list\"><li>\u0160ta mene \u010dini idealnom osobom za ovaj program?<\/li><li>\u0160ta za mene predstavlja pravda?<\/li><li>Da mogu u\u010diniti jednu promjenu u oblasti pravde, to bi bila?<\/li><\/ul>\n\n\n\n<p>Samo <strong><a href=\"https:\/\/forms.gle\/XpaPYiBykFAWQ4Qe9\" target=\"_blank\" rel=\"noreferrer noopener\">prijave<\/a><\/strong> poslane na jednom od slu\u017ebenih jezika u BiH bit \u0107e uzete u razmatranje. Postupak odabira u\u010desnika sastojat \u0107e se od:<\/p>\n\n\n\n<ul class=\"wp-block-list\"><li>predselekcije na osnovu va\u0161ih <strong><a href=\"https:\/\/forms.gle\/VofnjXGxoUzJj2YT9\" target=\"_blank\" rel=\"noreferrer noopener\">pisanih prijava<\/a><\/strong> (26. \u2013 31. maj 2022.)<\/li><li>online intervjua sa komisijom za izbor (1. \u2013 3. juni 2022.)<\/li><li>izabrani kandidati bit \u0107e obavije\u0161teni do 10. juna 2022. godine<\/li><\/ul>\n\n\n\n<p>Prijavi se koriste\u0107i <strong><a href=\"https:\/\/forms.gle\/XpaPYiBykFAWQ4Qe9\" target=\"_blank\" rel=\"noreferrer noopener\">ONLINE FORMU<\/a><\/strong> za prijavu.<\/p>\n\n\n\n<p>Preuzeto sa: <a href=\"https:\/\/www.hocu.ba\/indexphp\/hocupriliku\/poziv-za-ucesce-u-programu-lideri-ke-za-pravdu-2\/\" target=\"_blank\" rel=\"noreferrer noopener\">hocu.ba<\/a><\/p>\n","protected":false},"excerpt":{"rendered":"<p>Udru\u017eenje \u201ePravnik\u201c iz Sarajeva, zajedno sa Programom vladavine prava u Jugoisto\u010dnoj Evropi Fondacije Konrad Adenauer, uz podr\u0161ku Misije OSCE-a u<\/p>\n","protected":false},"author":1,"featured_media":20036,"comment_status":"closed","ping_status":"open","sticky":false,"template":"","format":"standard","meta":{"om_disable_all_campaigns":false,"_monsterinsights_skip_tracking":false,"_monsterinsights_sitenote_active":false,"_monsterinsights_sitenote_note":"","_monsterinsights_sitenote_category":0,"footnotes":""},"categories":[370],"tags":[8640],"class_list":["post-20055","post","type-post","status-publish","format-standard","has-post-thumbnail","hentry","category-ostalo","tag-lideri-za-pravdu"],"jetpack_featured_media_url":"https:\/\/www.mladibl.com\/wp-content\/uploads\/2022\/05\/Lideri-ke-za-pravdu.jpg","amp_enabled":true,"_links":{"self":[{"href":"https:\/\/www.mladibl.com\/index.php?rest_route=\/wp\/v2\/posts\/20055","targetHints":{"allow":["GET"]}}],"collection":[{"href":"https:\/\/www.mladibl.com\/index.php?rest_route=\/wp\/v2\/posts"}],"about":[{"href":"https:\/\/www.mladibl.com\/index.php?rest_route=\/wp\/v2\/types\/post"}],"author":[{"embeddable":true,"href":"https:\/\/www.mladibl.com\/index.php?rest_route=\/wp\/v2\/users\/1"}],"replies":[{"embeddable":true,"href":"https:\/\/www.mladibl.com\/index.php?rest_route=%2Fwp%2Fv2%2Fcomments&post=20055"}],"version-history":[{"count":1,"href":"https:\/\/www.mladibl.com\/index.php?rest_route=\/wp\/v2\/posts\/20055\/revisions"}],"predecessor-version":[{"id":20056,"href":"https:\/\/www.mladibl.com\/index.php?rest_route=\/wp\/v2\/posts\/20055\/revisions\/20056"}],"wp:featuredmedia":[{"embeddable":true,"href":"https:\/\/www.mladibl.com\/index.php?rest_route=\/wp\/v2\/media\/20036"}],"wp:attachment":[{"href":"https:\/\/www.mladibl.com\/index.php?rest_route=%2Fwp%2Fv2%2Fmedia&parent=20055"}],"wp:term":[{"taxonomy":"category","embeddable":true,"href":"https:\/\/www.mladibl.com\/index.php?rest_route=%2Fwp%2Fv2%2Fcategories&post=20055"},{"taxonomy":"post_tag","embeddable":true,"href":"https:\/\/www.mladibl.com\/index.php?rest_route=%2Fwp%2Fv2%2Ftags&post=20055"}],"curies":[{"name":"wp","href":"https:\/\/api.w.org\/{rel}","templated":true}]}}