{"id":19971,"date":"2022-04-30T00:11:40","date_gmt":"2022-04-29T22:11:40","guid":{"rendered":"https:\/\/www.mladibl.com\/?p=19971"},"modified":"2022-04-30T00:11:44","modified_gmt":"2022-04-29T22:11:44","slug":"spd-jedinstvo-vaskrsnji-koncert-u-banskom-dvoru","status":"publish","type":"post","link":"https:\/\/www.mladibl.com\/?p=19971","title":{"rendered":"SPD Jedinstvo: Vaskr\u0161nji koncert u Banskom dvoru"},"content":{"rendered":"\n<p>Srpsko pjeva\u010dko dru\u0161tvo Banja Luka \u0107e povodom Vaskrsa, najradosnijeg hri\u0161\u0107anskog praznika u subotu, 30. aprila sa po\u010detkom u 20.00 \u010dasova u Koncertnoj dvorani Banskog dvora prirediti Vaskr\u0161nji koncert.<\/p>\n\n\n\n<p>Pod dirigentskom palicom Nemanje Savi\u0107a na koncertu \u0107e se predstaviti \u010dlanovi Hora sve\u0161tenika Eparhije banjalu\u010dke, u\u010denici Muzi\u010dke \u0161kole \u201eVlado Milo\u0161evi\u0107\u201c Banja Luka, studenti Akademije umjetnosti Banje Luke, Mu\u0161ki hor \u201eKonstantin\u201c Banja Luka, Mje\u0161oviti hor SPD \u201eJedinstvo\u201c Banja Luka, Mje\u0161oviti hor Akademije umjetnosti Banjaluka, te solisti: Ana Markovi\u0107-sopran, protonamjesnik Radislav Nuni\u0107-tenor i proto\u0111akon Radojica \u017dagran \u2013 tenor.<\/p>\n\n\n\n<p>Grad Banja Luka podr\u017eao je organizaciju koncerta, a ulaz na koncert je slobodan.<\/p>\n\n\n\n<p>Preuzeto sa: <a href=\"https:\/\/www.banjaluka.rs.ba\/spd-jedinstvo-vaskrsnji-koncert-u-banskom-dvoru\/\" target=\"_blank\" rel=\"noreferrer noopener\">Grad Banja Luka<\/a><\/p>\n","protected":false},"excerpt":{"rendered":"<p>Srpsko pjeva\u010dko dru\u0161tvo Banja Luka \u0107e povodom Vaskrsa, najradosnijeg hri\u0161\u0107anskog praznika u subotu, 30. aprila sa po\u010detkom u 20.00 \u010dasova<\/p>\n","protected":false},"author":1,"featured_media":19968,"comment_status":"closed","ping_status":"open","sticky":false,"template":"","format":"standard","meta":{"om_disable_all_campaigns":false,"_monsterinsights_skip_tracking":false,"_monsterinsights_sitenote_active":false,"_monsterinsights_sitenote_note":"","_monsterinsights_sitenote_category":0,"footnotes":""},"categories":[2],"tags":[881,7456],"class_list":["post-19971","post","type-post","status-publish","format-standard","has-post-thumbnail","hentry","category-vijesti","tag-banski-dvor","tag-spd-jedinstvo"],"jetpack_featured_media_url":"https:\/\/www.mladibl.com\/wp-content\/uploads\/2022\/04\/SPD-Jedinstvo-Vaskrsnji-koncert-u-Banskom-dvoru.jpg","amp_enabled":true,"_links":{"self":[{"href":"https:\/\/www.mladibl.com\/index.php?rest_route=\/wp\/v2\/posts\/19971","targetHints":{"allow":["GET"]}}],"collection":[{"href":"https:\/\/www.mladibl.com\/index.php?rest_route=\/wp\/v2\/posts"}],"about":[{"href":"https:\/\/www.mladibl.com\/index.php?rest_route=\/wp\/v2\/types\/post"}],"author":[{"embeddable":true,"href":"https:\/\/www.mladibl.com\/index.php?rest_route=\/wp\/v2\/users\/1"}],"replies":[{"embeddable":true,"href":"https:\/\/www.mladibl.com\/index.php?rest_route=%2Fwp%2Fv2%2Fcomments&post=19971"}],"version-history":[{"count":2,"href":"https:\/\/www.mladibl.com\/index.php?rest_route=\/wp\/v2\/posts\/19971\/revisions"}],"predecessor-version":[{"id":19973,"href":"https:\/\/www.mladibl.com\/index.php?rest_route=\/wp\/v2\/posts\/19971\/revisions\/19973"}],"wp:featuredmedia":[{"embeddable":true,"href":"https:\/\/www.mladibl.com\/index.php?rest_route=\/wp\/v2\/media\/19968"}],"wp:attachment":[{"href":"https:\/\/www.mladibl.com\/index.php?rest_route=%2Fwp%2Fv2%2Fmedia&parent=19971"}],"wp:term":[{"taxonomy":"category","embeddable":true,"href":"https:\/\/www.mladibl.com\/index.php?rest_route=%2Fwp%2Fv2%2Fcategories&post=19971"},{"taxonomy":"post_tag","embeddable":true,"href":"https:\/\/www.mladibl.com\/index.php?rest_route=%2Fwp%2Fv2%2Ftags&post=19971"}],"curies":[{"name":"wp","href":"https:\/\/api.w.org\/{rel}","templated":true}]}}