{"id":19944,"date":"2022-04-28T23:42:05","date_gmt":"2022-04-28T21:42:05","guid":{"rendered":"https:\/\/www.mladibl.com\/?p=19944"},"modified":"2022-04-28T23:42:06","modified_gmt":"2022-04-28T21:42:06","slug":"regionalna-saradnja-female-leadership-camp","status":"publish","type":"post","link":"https:\/\/www.mladibl.com\/?p=19944","title":{"rendered":"Regionalna saradnja: Female leadership Camp"},"content":{"rendered":"\n<p>Udru\u017eenje Otvorene zabavne\u0161kole iz Sarajeva, dobitnik je Granta za organizaciju projekta pod nazivom \u2018\u2019Female leadership Camp\u2019\u2019.<\/p>\n\n\n\n<p>Grant je dodijeljen od strane Western Balkans Fund, u okviru \u010detvrtog pozivaza projekte. Projekt \u2018\u2019Female leadership camp\u2019\u2019 odabran je kao jedan od 30 najuspje\u0161nijih projektnih prijedloga iz regije Zapadnog Balkana. Western Balkans Fund Grant \u0161ema sufinansirana je od strane EvropskeUnije, IPA \u2013 Instrument for Pre-Accession Assistance.<\/p>\n\n\n\n<p>U partnerstvu sa Fudbalskim klubom \u2018\u2019Breznica\u2019\u2019 Pljevlja, Crna Gora i Sportskim udru\u017eenjem \u2018\u2019Otvorene zabavne \u0161kole fudbala \u2018\u2019 iz Srbije, organizovat \u0107emo vi\u0161ednevni kamp za djevojke iz Srbije, Crne Gore i Bosne i Hercegovine, koje imaju iskustvo bavljenja sportom. Cilj kampa i projekta je inicirati mobilnost mladih djevojaka u Regiji, te njihovo umre\u017eavanje, stvaraju\u0107i takoplatformu preko koje se mogu dijeliti iskustva, planovi i uzajamna podr\u0161ka. Osim toga, cilj projekta je i osna\u017eiti i educirati djevojke da postanu nositeljk ecivilnih aktivnosti u svojim lokalnim zajednicama, daju\u0107i im potrebno znanje i alate o upravljanju mikroprojektima u bazi\u010dnom sportu.<\/p>\n\n\n\n<p>Poseban zna\u010daj projektu daje njegov regionalni karakter.<\/p>\n\n\n\n<p>Kamp \u0107e se odr\u017eati u avgustu 2022.godine u Pljevljima, Crna Gora.<\/p>\n\n\n\n<p>Prijaveza Kamp su otvorene, te se za u\u010de\u0161\u0107e na isti mo\u017eete prijaviti putem mail adrese: <strong><a href=\"mailto:flc082022@gmail.com\" target=\"_blank\" rel=\"noreferrer noopener\">flc082022@gmail.com<\/a><\/strong>.<\/p>\n\n\n\n<p>Regionalna saradnjana projektima i temama relevantnim za mlade, imperativna je za na\u0161 zajedni\u010dki razvoj. Samo povezivanjem, dijeljenjem iskustava i najboljih praksi mo\u017eemo zajedno napredovati ka na\u0161em jedinstvenom cilju, a to je bolj i\u017eivot i bolji uslovi za sve nas u Regiji Zapadnog Balkana. Upravo zbog toga, trudimo se da sve na\u0161e projekte koji uklju\u010duju edukaciju i osna\u017eivanje mladih, implementiramo u saradnji sa partnerima iz zemalja Regije\u2019\u2019 \u2013 izjavila je Vildana Delali\u0107 \u2013 Elezovi\u0107, koordinatorica projekta.<\/p>\n\n\n\n<p>O Udru\u017eenju Otvorene zabavne \u0161kole<\/p>\n\n\n\n<p>Udru\u017eenje je \u010dlan globalne mre\u017ee Cross Cultures Project Association (www.ccpa.eu) \u010dija je misija implementacija projekata za mir i odr\u017eivu budu\u0107nost, koriste\u0107i igru i sport kao primarni alat. Osnovni projekta Udru\u017eenja su Otvorene zabavne \u0161kole fudbala, neprofitni projekat, koji se u Bosni i Hercegovini implementira ve\u0107 24 godine. Projekat se slu\u017ei veselim igrama i pedago\u0161kim \u201ekonceptom zabavnog fudbala\u201c kao sredstvima za promociju pravednosti, timskog duha i po\u0161tovanja me\u0111u djecom koja \u017eive u podijeljenim dru\u0161tvima. Pored Otvorenih Zabavnih \u0160kola Fudbala, organizacija implementira edukaciju i osna\u017eivanje mladih volontera, te veliki broj manifestacija uli\u010dnog sporta, promocije dje\u010dijeg i \u017eenskog sporta, te projekata o o\u010duvanju okoli\u0161a i edukaciji navija\u010da.<\/p>\n\n\n\n<p>Preuzeto sa: <a href=\"https:\/\/catbih.ba\/regionalna-saradnjafemale-leadership-camp\/\" target=\"_blank\" rel=\"noreferrer noopener\">catbih.ba<\/a><\/p>\n","protected":false},"excerpt":{"rendered":"<p>Udru\u017eenje Otvorene zabavne\u0161kole iz Sarajeva, dobitnik je Granta za organizaciju projekta pod nazivom \u2018\u2019Female leadership Camp\u2019\u2019. Grant je dodijeljen od<\/p>\n","protected":false},"author":1,"featured_media":19928,"comment_status":"closed","ping_status":"open","sticky":false,"template":"","format":"standard","meta":{"om_disable_all_campaigns":false,"_monsterinsights_skip_tracking":false,"_monsterinsights_sitenote_active":false,"_monsterinsights_sitenote_note":"","_monsterinsights_sitenote_category":0,"footnotes":""},"categories":[14],"tags":[8607,1190],"class_list":["post-19944","post","type-post","status-publish","format-standard","has-post-thumbnail","hentry","category-region","tag-female-leadership-camp","tag-regionalna-saradnja"],"jetpack_featured_media_url":"https:\/\/www.mladibl.com\/wp-content\/uploads\/2022\/04\/Regionalna-saradnja-Female-leadership-Camp.jpg","amp_enabled":true,"_links":{"self":[{"href":"https:\/\/www.mladibl.com\/index.php?rest_route=\/wp\/v2\/posts\/19944","targetHints":{"allow":["GET"]}}],"collection":[{"href":"https:\/\/www.mladibl.com\/index.php?rest_route=\/wp\/v2\/posts"}],"about":[{"href":"https:\/\/www.mladibl.com\/index.php?rest_route=\/wp\/v2\/types\/post"}],"author":[{"embeddable":true,"href":"https:\/\/www.mladibl.com\/index.php?rest_route=\/wp\/v2\/users\/1"}],"replies":[{"embeddable":true,"href":"https:\/\/www.mladibl.com\/index.php?rest_route=%2Fwp%2Fv2%2Fcomments&post=19944"}],"version-history":[{"count":1,"href":"https:\/\/www.mladibl.com\/index.php?rest_route=\/wp\/v2\/posts\/19944\/revisions"}],"predecessor-version":[{"id":19945,"href":"https:\/\/www.mladibl.com\/index.php?rest_route=\/wp\/v2\/posts\/19944\/revisions\/19945"}],"wp:featuredmedia":[{"embeddable":true,"href":"https:\/\/www.mladibl.com\/index.php?rest_route=\/wp\/v2\/media\/19928"}],"wp:attachment":[{"href":"https:\/\/www.mladibl.com\/index.php?rest_route=%2Fwp%2Fv2%2Fmedia&parent=19944"}],"wp:term":[{"taxonomy":"category","embeddable":true,"href":"https:\/\/www.mladibl.com\/index.php?rest_route=%2Fwp%2Fv2%2Fcategories&post=19944"},{"taxonomy":"post_tag","embeddable":true,"href":"https:\/\/www.mladibl.com\/index.php?rest_route=%2Fwp%2Fv2%2Ftags&post=19944"}],"curies":[{"name":"wp","href":"https:\/\/api.w.org\/{rel}","templated":true}]}}