{"id":19910,"date":"2022-04-28T00:27:40","date_gmt":"2022-04-27T22:27:40","guid":{"rendered":"https:\/\/www.mladibl.com\/?p=19910"},"modified":"2022-04-28T00:27:41","modified_gmt":"2022-04-27T22:27:41","slug":"visegradska-ljetna-skola-od-4-do-14-jula","status":"publish","type":"post","link":"https:\/\/www.mladibl.com\/?p=19910","title":{"rendered":"Vi\u0161egradska ljetna \u0161kola od 4. do 14. jula"},"content":{"rendered":"\n<p>Vi\u0161egradska ljetna \u0161kola (VSS) je projekat koji vec\u0301 20 godina oblikuje i obrazuje generacije mladih gra\u0111ana Vi\u0161egradske grupe i susjednih zemalja. Vi\u0161egradska ljetna \u0161kola je tokom godina postala ne samo platforma produbljivanja znanja i unapre\u0111enja interkulturalnih kompetencija vec\u0301 i va\u017ean instrument za integraciju mladih ljudi iz regiona.<\/p>\n\n\n\n<p>Ove godine VSS c\u0301e se odr\u017eati od 4. do 14. jula. Laboratorije koje c\u0301e voditi stru\u010dnjaci (Aleksandra Przegalinska, Jonathan Goodacre) bic\u0301e fokusirane na razmjenu mi\u0161ljenja, sticanje znanja i razmjenu ideja u\u010desnika. Tokom 10 dana predavanja, radionica, treninga i studijskih posjeta u\u010desnici c\u0301e raditi (u grupama i individualno) na svojim kratkim prezentacijama koje c\u0301e biti odr\u017eane zavr\u0161nog dana, tokom zavr\u0161nog formata \u201eVi\u0161egrad Ted-ex Talks\u201c.<\/p>\n\n\n\n<p>Ove godine program c\u0301e se fokusirati na dvije oblasti: Biznis i inovacije i kulturno naslje\u0111e. Uklju\u010dic\u0301e predavanja, debate i radionice o aktuelnim politi\u010dkim, kulturnim i dru\u0161tvenim izazovima na regionalnom, globalnom i evropskom nivou.<\/p>\n\n\n\n<p>Program obezbje\u0111uje pun smje\u0161taj i pansion, posebne doga\u0111aje i edukativni program i materijale. U\u010desnik pokriva putne tro\u0161kove do\/od\/u Krakov, osiguranje, PCR test prije dolaska i kotizaciju od 130 evra.<\/p>\n\n\n\n<p>Program je namijenjen studentima, doktorandima, mladim nastavnicima, preduzetnicima, pokreta\u010dima konkurentnih biznisa, novinarima, mladim profesionalcima i ljudima koji su nastanjeni na mjestima kulturnog naslje\u0111a i rukovode kulturnim projektima, radec\u0301i sa materijalnim i nematerijalnim nasle\u0111em kao glavnim materijalom njihove profesionalne djelatnosti.<\/p>\n\n\n\n<p>Obrazac za prijavu je dostupan na linku: <strong><a href=\"https:\/\/forms.gle\/DkRHtRntKFPkJMsg7\" target=\"_blank\" rel=\"noreferrer noopener\">https:\/\/forms.gle\/DkRHtRntKFPkJMsg7<\/a><\/strong><\/p>\n\n\n\n<p>Preuzeto sa: <a href=\"https:\/\/www.hocu.ba\/indexphp\/hocupriliku\/visegradska-ljetna-skola-od-4-do-14-jula\/\" target=\"_blank\" rel=\"noreferrer noopener\">hocu.ba<\/a><\/p>\n\n\n\n<p><\/p>\n","protected":false},"excerpt":{"rendered":"<p>Vi\u0161egradska ljetna \u0161kola (VSS) je projekat koji vec\u0301 20 godina oblikuje i obrazuje generacije mladih gra\u0111ana Vi\u0161egradske grupe i susjednih<\/p>\n","protected":false},"author":1,"featured_media":19890,"comment_status":"closed","ping_status":"open","sticky":false,"template":"","format":"standard","meta":{"om_disable_all_campaigns":false,"_monsterinsights_skip_tracking":false,"_monsterinsights_sitenote_active":false,"_monsterinsights_sitenote_note":"","_monsterinsights_sitenote_category":0,"footnotes":""},"categories":[6],"tags":[8602],"class_list":["post-19910","post","type-post","status-publish","format-standard","has-post-thumbnail","hentry","category-dogadjaji","tag-visegradska-ljetna-skola"],"jetpack_featured_media_url":"https:\/\/www.mladibl.com\/wp-content\/uploads\/2022\/04\/Visegradska-ljetna-skola-od-4.-do-14.-jula.jpg","amp_enabled":true,"_links":{"self":[{"href":"https:\/\/www.mladibl.com\/index.php?rest_route=\/wp\/v2\/posts\/19910","targetHints":{"allow":["GET"]}}],"collection":[{"href":"https:\/\/www.mladibl.com\/index.php?rest_route=\/wp\/v2\/posts"}],"about":[{"href":"https:\/\/www.mladibl.com\/index.php?rest_route=\/wp\/v2\/types\/post"}],"author":[{"embeddable":true,"href":"https:\/\/www.mladibl.com\/index.php?rest_route=\/wp\/v2\/users\/1"}],"replies":[{"embeddable":true,"href":"https:\/\/www.mladibl.com\/index.php?rest_route=%2Fwp%2Fv2%2Fcomments&post=19910"}],"version-history":[{"count":1,"href":"https:\/\/www.mladibl.com\/index.php?rest_route=\/wp\/v2\/posts\/19910\/revisions"}],"predecessor-version":[{"id":19911,"href":"https:\/\/www.mladibl.com\/index.php?rest_route=\/wp\/v2\/posts\/19910\/revisions\/19911"}],"wp:featuredmedia":[{"embeddable":true,"href":"https:\/\/www.mladibl.com\/index.php?rest_route=\/wp\/v2\/media\/19890"}],"wp:attachment":[{"href":"https:\/\/www.mladibl.com\/index.php?rest_route=%2Fwp%2Fv2%2Fmedia&parent=19910"}],"wp:term":[{"taxonomy":"category","embeddable":true,"href":"https:\/\/www.mladibl.com\/index.php?rest_route=%2Fwp%2Fv2%2Fcategories&post=19910"},{"taxonomy":"post_tag","embeddable":true,"href":"https:\/\/www.mladibl.com\/index.php?rest_route=%2Fwp%2Fv2%2Ftags&post=19910"}],"curies":[{"name":"wp","href":"https:\/\/api.w.org\/{rel}","templated":true}]}}