{"id":19884,"date":"2022-04-28T00:13:40","date_gmt":"2022-04-27T22:13:40","guid":{"rendered":"https:\/\/www.mladibl.com\/?p=19884"},"modified":"2022-04-28T00:13:41","modified_gmt":"2022-04-27T22:13:41","slug":"banja-luka-prvi-put-domacin-dunavskog-biznis-foruma","status":"publish","type":"post","link":"https:\/\/www.mladibl.com\/?p=19884","title":{"rendered":"Banja Luka prvi put doma\u0107in \u201eDunavskog biznis foruma\u201c"},"content":{"rendered":"\n<p>Banja Luka je prvi put doma\u0107in \u201eDunavskog biznis foruma\u201c, 11. po redu, koji je danas u Kulturnom centru \u201eBanski dvor\u201c okupio brojne u\u010desnike iz zemlje i cijelog regiona.<\/p>\n\n\n\n<p>Tako \u0107e na ovom jednodnevnom forumu, koji je organizovan u okviru obilje\u017eavanja Dana grada, biti odr\u017eano vi\u0161e panel diskusija o temama: \u201eDigitalizacija kao generator novih poslova\u201c, \u201eRuralni turizam\u201c, \u201eZelena energija \u2013 odr\u017eivi razvoj i \u017eivotna sredina\u201c i \u201ePoslovna infrastruktura \u2013 tehnolo\u0161ki park\u201c.<\/p>\n\n\n\n<p>Gradona\u010delnik Dra\u0161ko Stanivukovi\u0107 kazao je da je ovaj forum zna\u010dajan, prije svega, jer uvezuje gradove i omogu\u0107ava razmjenu iskustava iz razli\u010ditih oblasti.<\/p>\n\n\n\n<p>-Ono \u0161to je posebno zna\u010dajno jeste da radimo na pobolj\u0161anju poslovne klime u na\u0161em gradu i na tom polju idemo u dobrom pravcu. Imamo nekoliko prijedloga za investicije i od toga ne odustajemo, pa smo tako srpemni da ula\u017eemo zna\u010dajna sredstava u poslovne zone i da ih pro\u0161irujemo \u2013 kazao je gradona\u010delnik.<\/p>\n\n\n\n<p>U oblasti zelenih gradova, kako je kazao Banja Luka je po\u010dela sa realizacijom ideje najve\u0107eg gradskog parka, posve\u0107uje se pa\u017enja zelenim oazama poput Banj brda i Trapista, te da je pro\u0161lu jesen zabilje\u017eena najve\u0107a sadnja u zadnjih 20 godina.<\/p>\n\n\n\n<p>-Kada govorimo o turizmu, Banja Luka je dobila prvo dajak pristani\u0161te. Jedini imamo takvu vrstu \u010damca i rijeke, i to dvoje smo spojili na jedno mjesto. Kada je rije\u010d o onome po \u010demu je Banja Luka prepoznatljiva, idemo u tom pravcu da u narednim godinama dobijemo obnovljen hotel Palas, prvi vidikovac na Banj brdu, ure\u0111ujemo centar grada i novu Gospodsku, od Kastela planiramo napraviti ustanovu, urediti ku\u0107u Milanovi\u0107a i Sokolski dom\u2026- naveo je gradona\u010delnik.<\/p>\n\n\n\n<p>U oblasti digitalizacije tako\u0111e je dosta planova, a prema njegovim rije\u010dima \u2013 Banja Luka \u0107e tokom ljeta dobiti pametna stajali\u0161ta na 40 lokacija u okviru reforme javnog prevoza, ide se u pravcu digitalizacije Skup\u0161tine Grada, ali i drugih projekata u toj oblasti za koju su sredstva sa pola miliona pove\u0107ana na milion KM.<\/p>\n\n\n\n<p>Svoj doprinos Forumu da\u0107e i gradona\u010delnici gradova pobratima Banje Luke kroz primjere dobre prakse, koji su ostvarili u svojim jedinicama lokalne samouprave.<\/p>\n\n\n\n<p>Jedan od tih gradova jeste Sremska Mitrovica \u010dija je gradona\u010delnica Svetalana Milovanovi\u0107 istakla da se taj grad u posljednju deceniju naglo razvio, \u010dime su smanjili stopu nezaposlenosti na ispod \u010detiri odsto.<\/p>\n\n\n\n<p>-Pored infrastrukture, obrazovanja i turizma jedna od stvari na kojoj radimo jeste ekologija i prvi smo u Srbiji otvorili recikla\u017eno dvori\u0161te, uz pomo\u0107 partnera. U planu nam je po\u0161umljavanje, posebno industrijskih zona i da pravimo tzv. linijske parkove. Otvaramo i tre\u0107u industrijsku zonu \u2013 navela je ona.<\/p>\n\n\n\n<p>Ono \u0161to karakteri\u0161e Sremsku Mitorvicu, kako je kazala \u2013 jeste i brza administarcija odnosno rje\u0161avanje zahtjeva investitora u vezi sa svim pitanjima.<\/p>\n\n\n\n<p>Istakla je da su i odu\u0161evljeni gostoprimstvom i samom \u010disto\u0107om grada Banje Luke, istu\u010di\u0107i da svakako od Banje Luke imaju mnogo toga za nau\u010diti.<\/p>\n\n\n\n<p>Mario Milanovi\u0107 direktor Gradske razvojne agencije kazao je da forum, koji se ina\u010de odr\u017eava u Novom Sadu, a ove godine prvi put u Banjoj Luci \u2013 okupio gradona\u010delnike i na\u010delnike lokalnih zajednica iz zemlje i regiona, te predstavnike razvojnih agencija i privrede.<\/p>\n\n\n\n<p>-Na dnevnom redu su \u010detiri interesantne i zna\u010dajne teme za razvoj generalno ekonomije i dru\u0161tva. Ima\u0107emo i panele sa stru\u010dnjacima iz ovih oblasti i tako \u0107emo imati priliku da \u010dujemo, ali i razmijenimo brojna iskustva i nove modele razvoja \u2013 kazao je on.<\/p>\n\n\n\n<p>Preuzeto sa: <a href=\"https:\/\/www.banjaluka.rs.ba\/banja-luka-prvi-put-domacin-dunavskog-biznis-foruma\/\" target=\"_blank\" rel=\"noreferrer noopener\">Grad Banja Luka<\/a><\/p>\n","protected":false},"excerpt":{"rendered":"<p>Banja Luka je prvi put doma\u0107in \u201eDunavskog biznis foruma\u201c, 11. po redu, koji je danas u Kulturnom centru \u201eBanski dvor\u201c<\/p>\n","protected":false},"author":1,"featured_media":19896,"comment_status":"closed","ping_status":"open","sticky":false,"template":"","format":"standard","meta":{"om_disable_all_campaigns":false,"_monsterinsights_skip_tracking":false,"_monsterinsights_sitenote_active":false,"_monsterinsights_sitenote_note":"","_monsterinsights_sitenote_category":0,"footnotes":""},"categories":[2],"tags":[53,8587],"class_list":["post-19884","post","type-post","status-publish","format-standard","has-post-thumbnail","hentry","category-vijesti","tag-banja-luka","tag-dunavski-biznis-forum"],"jetpack_featured_media_url":"https:\/\/www.mladibl.com\/wp-content\/uploads\/2022\/04\/Banja-Luka-prvi-put-domacin-\u201eDunavskog-biznis-foruma.jpg","amp_enabled":true,"_links":{"self":[{"href":"https:\/\/www.mladibl.com\/index.php?rest_route=\/wp\/v2\/posts\/19884","targetHints":{"allow":["GET"]}}],"collection":[{"href":"https:\/\/www.mladibl.com\/index.php?rest_route=\/wp\/v2\/posts"}],"about":[{"href":"https:\/\/www.mladibl.com\/index.php?rest_route=\/wp\/v2\/types\/post"}],"author":[{"embeddable":true,"href":"https:\/\/www.mladibl.com\/index.php?rest_route=\/wp\/v2\/users\/1"}],"replies":[{"embeddable":true,"href":"https:\/\/www.mladibl.com\/index.php?rest_route=%2Fwp%2Fv2%2Fcomments&post=19884"}],"version-history":[{"count":1,"href":"https:\/\/www.mladibl.com\/index.php?rest_route=\/wp\/v2\/posts\/19884\/revisions"}],"predecessor-version":[{"id":19897,"href":"https:\/\/www.mladibl.com\/index.php?rest_route=\/wp\/v2\/posts\/19884\/revisions\/19897"}],"wp:featuredmedia":[{"embeddable":true,"href":"https:\/\/www.mladibl.com\/index.php?rest_route=\/wp\/v2\/media\/19896"}],"wp:attachment":[{"href":"https:\/\/www.mladibl.com\/index.php?rest_route=%2Fwp%2Fv2%2Fmedia&parent=19884"}],"wp:term":[{"taxonomy":"category","embeddable":true,"href":"https:\/\/www.mladibl.com\/index.php?rest_route=%2Fwp%2Fv2%2Fcategories&post=19884"},{"taxonomy":"post_tag","embeddable":true,"href":"https:\/\/www.mladibl.com\/index.php?rest_route=%2Fwp%2Fv2%2Ftags&post=19884"}],"curies":[{"name":"wp","href":"https:\/\/api.w.org\/{rel}","templated":true}]}}