{"id":19863,"date":"2022-04-27T00:14:44","date_gmt":"2022-04-26T22:14:44","guid":{"rendered":"https:\/\/www.mladibl.com\/?p=19863"},"modified":"2022-04-27T00:14:45","modified_gmt":"2022-04-26T22:14:45","slug":"u-okviru-proslave-dana-grada-dunavski-biznis-forum-u-banskom-dvoru","status":"publish","type":"post","link":"https:\/\/www.mladibl.com\/?p=19863","title":{"rendered":"U okviru proslave Dana grada: Dunavski biznis forum u Banskom dvoru"},"content":{"rendered":"\n<p>Grad Banja Luka i Gradska razvojna agencija organizuju 11. Dunavski biznis forum, koji \u0107e biti odr\u017ean u srijedu, 27. aprila u Kulturnom centru \u201eBanski dvor\u201c.<\/p>\n\n\n\n<p>Kako su naveli iz Odjeljenja za privredu i lokalni ekonomski razvoj, ovaj forum promovi\u0161e Dunavsku strategiju, a ciljevi su izme\u0111u ostalog usmjereni na povezivanje ljudi, ideja i tr\u017ei\u0161ta i njihovih potreba, kao i na izgradnju infrastrukture i razvoj energetskih sistema, te stvaranje optimalnih uslova za ja\u010danje institucionalnih i ljudskih kapaciteta i njihovo podsticanje za racionalnije i efikasnije djelovanje, promociju odr\u017eivog razvoja, konkurentnosti, bezbjednosti, energetske efikasnosti, za\u0161tite \u017eivotne sredine, socijalne politike, javnog i privatnog partnerstva.<\/p>\n\n\n\n<p>\u2013 U skladu sa ciljevima strate\u0161ke vizije Grada Banje Luke i Dunavske strategije, definisan je programski okvir Foruma kroz odr\u017eavanje plenarnog zasjedanja pod nazivom \u201eGradovi \u2013 mostovi integrisanih procesa lokalnog razvoja\u201c- poru\u010duju iz Odjeljenja, te dodaju da \u0107e nakon toga, uslijediti i panel diskusije sa temama poput \u201eDigitalizacija kao generator novih poslova\u201c, \u201eRuralni turizam\u201c, \u201eZelena energija \u2013 odr\u017eivi razvoj i \u017eivotna sredina\u201c i \u201ePoslovna infrastruktura \u2013 tehnolo\u0161ki park\u201c.<\/p>\n\n\n\n<p>Iz Odjeljenja su podsjetili da je strate\u0161ka vizija Grada Banje Luke zasnovana na tri koncepta i to kao: sredina sa povoljnim ambijentom za poslovanje, grad zelenih tehnologija i grad savremenih informaciono-komunikacionih tehnologija (Business-Friendly, Smart City, Green City).<\/p>\n\n\n\n<p>Svoje doprinos Forumu \u0107e dati i gradona\u010delnici gradova pobratima Banje Luke kroz primjere dobre prakse koji su ostvarili u svojim jedinicama lokalne samouprave.<\/p>\n\n\n\n<p>Preuzeto sa: <a href=\"https:\/\/www.banjaluka.rs.ba\/u-okviru-proslave-dana-grada-dunavski-biznis-forum-u-banskom-dvoru\/\" target=\"_blank\" rel=\"noreferrer noopener\">Grad Banja Luka<\/a><\/p>\n","protected":false},"excerpt":{"rendered":"<p>Grad Banja Luka i Gradska razvojna agencija organizuju 11. Dunavski biznis forum, koji \u0107e biti odr\u017ean u srijedu, 27. aprila<\/p>\n","protected":false},"author":1,"featured_media":19860,"comment_status":"closed","ping_status":"open","sticky":false,"template":"","format":"standard","meta":{"om_disable_all_campaigns":false,"_monsterinsights_skip_tracking":false,"_monsterinsights_sitenote_active":false,"_monsterinsights_sitenote_note":"","_monsterinsights_sitenote_category":0,"footnotes":""},"categories":[2],"tags":[53,881,8587],"class_list":["post-19863","post","type-post","status-publish","format-standard","has-post-thumbnail","hentry","category-vijesti","tag-banja-luka","tag-banski-dvor","tag-dunavski-biznis-forum"],"jetpack_featured_media_url":"https:\/\/www.mladibl.com\/wp-content\/uploads\/2022\/04\/Banski-dvor-foto.jpg","amp_enabled":true,"_links":{"self":[{"href":"https:\/\/www.mladibl.com\/index.php?rest_route=\/wp\/v2\/posts\/19863","targetHints":{"allow":["GET"]}}],"collection":[{"href":"https:\/\/www.mladibl.com\/index.php?rest_route=\/wp\/v2\/posts"}],"about":[{"href":"https:\/\/www.mladibl.com\/index.php?rest_route=\/wp\/v2\/types\/post"}],"author":[{"embeddable":true,"href":"https:\/\/www.mladibl.com\/index.php?rest_route=\/wp\/v2\/users\/1"}],"replies":[{"embeddable":true,"href":"https:\/\/www.mladibl.com\/index.php?rest_route=%2Fwp%2Fv2%2Fcomments&post=19863"}],"version-history":[{"count":1,"href":"https:\/\/www.mladibl.com\/index.php?rest_route=\/wp\/v2\/posts\/19863\/revisions"}],"predecessor-version":[{"id":19864,"href":"https:\/\/www.mladibl.com\/index.php?rest_route=\/wp\/v2\/posts\/19863\/revisions\/19864"}],"wp:featuredmedia":[{"embeddable":true,"href":"https:\/\/www.mladibl.com\/index.php?rest_route=\/wp\/v2\/media\/19860"}],"wp:attachment":[{"href":"https:\/\/www.mladibl.com\/index.php?rest_route=%2Fwp%2Fv2%2Fmedia&parent=19863"}],"wp:term":[{"taxonomy":"category","embeddable":true,"href":"https:\/\/www.mladibl.com\/index.php?rest_route=%2Fwp%2Fv2%2Fcategories&post=19863"},{"taxonomy":"post_tag","embeddable":true,"href":"https:\/\/www.mladibl.com\/index.php?rest_route=%2Fwp%2Fv2%2Ftags&post=19863"}],"curies":[{"name":"wp","href":"https:\/\/api.w.org\/{rel}","templated":true}]}}