{"id":19849,"date":"2022-04-27T00:13:29","date_gmt":"2022-04-26T22:13:29","guid":{"rendered":"https:\/\/www.mladibl.com\/?p=19849"},"modified":"2022-04-27T00:13:30","modified_gmt":"2022-04-26T22:13:30","slug":"dan-grada-na-svecanoj-akademiji-urucene-aprilske-nagrade","status":"publish","type":"post","link":"https:\/\/www.mladibl.com\/?p=19849","title":{"rendered":"Dan grada: Na sve\u010danoj akademiji uru\u010dene aprilske nagrade"},"content":{"rendered":"\n<p>Tokom sve\u010dane akademije odr\u017eane povodom Dana grada Banje Luke tradicionalno su dodijeljene aprilske nagrade.<\/p>\n\n\n\n<p>\u201cKlju\u010d Grada Banje Luke \u2013 sa poveljom po\u010dasni gra\u0111anin\u201c ovogodi\u0161njem dobitniku Marinku Umi\u010devi\u0107u uru\u010dio je predsjednik Skup\u0161tine Grada, Mladen Ili\u0107.<\/p>\n\n\n\n<p>Aprilsku nagradu Plaketa \u201cSestre Gaji\u0107\u201d koja se od pro\u0161le godine dodjeljuje za humanost, gradona\u010delnik Dra\u0161ko Stanivukovi\u0107 uru\u010dio je Servis centru \u201cDajte nam \u0161ansu \u2013 Zvjezdice\u201d.<\/p>\n\n\n\n<p>Zlatni grb Grada Banje Luke dodijeljen je: Miljku \u0160indi\u0107u, Kamernom horu \u201cBanjalu\u010danke\u201d, \u201cBanjalu\u010dkom studentskom pozori\u0161tu, Miloradu Telebaku \u2013 posthumno, te Stevanu Crnobrnji.<\/p>\n\n\n\n<p>Dobitnici Plakete Grada Banje Luke su: Vladimir \u0110ukanovi\u0107, Dragan Banjac- posthumno, Radosav Banjanin, Vladimir Brankovi\u0107, Du\u0161ko Vejnovi\u0107, Sr\u0111an Radojkovi\u0107, Miroslav Margeti\u0107, KUD \u201c\u010cajavec\u201d i Du\u0161ko Tadi\u0107.<\/p>\n\n\n\n<p>Me\u0111u ovogodi\u0161njim dobitnicama je i Pavlina Radovanovi\u0107, djevoj\u010dica \u010darobnog glasa sa Kosova i Metohije, kojoj je uru\u010dena nagrada Grada mladima.<\/p>\n\n\n\n<p>Nagradu namijenjenu mladima dobili su i hrabri mladi\u0107 Luka Joveti\u0107, zatim Marko Romi\u0107 za izuzetan doprinos u oblasti nau\u010dnog rada, dok je Nikoli Boji\u0107u uru\u010dena nagrada za izuzetan doprinos studentskog organizovanja.<\/p>\n\n\n\n<p>Za ostvarenja u oblasti humanog rada nagrada je uru\u010dena i Angelini Duli\u0107, dok je Udru\u017eenju \u201cGlas Republike\u201d uru\u010dena nagrada Grada mladima za zna\u010dajna ostvarenja u afirmaciji ustavno-pravnog polo\u017eaja Republike Srpske i razvoju prijateljskih odnosa me\u0111u narodima.<\/p>\n\n\n\n<p>Preuzeto sa: <a href=\"https:\/\/www.banjaluka.rs.ba\/dan-grada-na-svecanoj-akademiji-urucene-aprilske-nagrade\/\" target=\"_blank\" rel=\"noreferrer noopener\">Grad Banja Luka<\/a><\/p>\n","protected":false},"excerpt":{"rendered":"<p>Tokom sve\u010dane akademije odr\u017eane povodom Dana grada Banje Luke tradicionalno su dodijeljene aprilske nagrade. \u201cKlju\u010d Grada Banje Luke \u2013 sa<\/p>\n","protected":false},"author":1,"featured_media":19850,"comment_status":"closed","ping_status":"open","sticky":false,"template":"","format":"standard","meta":{"om_disable_all_campaigns":false,"_monsterinsights_skip_tracking":false,"_monsterinsights_sitenote_active":false,"_monsterinsights_sitenote_note":"","_monsterinsights_sitenote_category":0,"footnotes":""},"categories":[2],"tags":[278,279,8560],"class_list":["post-19849","post","type-post","status-publish","format-standard","has-post-thumbnail","hentry","category-vijesti","tag-aprilske-nagrade","tag-dan-grada","tag-svecana-akademija"],"jetpack_featured_media_url":"https:\/\/www.mladibl.com\/wp-content\/uploads\/2022\/04\/Dan-grada-Na-svecanoj-akademiji-urucene-aprilske-nagrade.jpg","amp_enabled":true,"_links":{"self":[{"href":"https:\/\/www.mladibl.com\/index.php?rest_route=\/wp\/v2\/posts\/19849","targetHints":{"allow":["GET"]}}],"collection":[{"href":"https:\/\/www.mladibl.com\/index.php?rest_route=\/wp\/v2\/posts"}],"about":[{"href":"https:\/\/www.mladibl.com\/index.php?rest_route=\/wp\/v2\/types\/post"}],"author":[{"embeddable":true,"href":"https:\/\/www.mladibl.com\/index.php?rest_route=\/wp\/v2\/users\/1"}],"replies":[{"embeddable":true,"href":"https:\/\/www.mladibl.com\/index.php?rest_route=%2Fwp%2Fv2%2Fcomments&post=19849"}],"version-history":[{"count":1,"href":"https:\/\/www.mladibl.com\/index.php?rest_route=\/wp\/v2\/posts\/19849\/revisions"}],"predecessor-version":[{"id":19862,"href":"https:\/\/www.mladibl.com\/index.php?rest_route=\/wp\/v2\/posts\/19849\/revisions\/19862"}],"wp:featuredmedia":[{"embeddable":true,"href":"https:\/\/www.mladibl.com\/index.php?rest_route=\/wp\/v2\/media\/19850"}],"wp:attachment":[{"href":"https:\/\/www.mladibl.com\/index.php?rest_route=%2Fwp%2Fv2%2Fmedia&parent=19849"}],"wp:term":[{"taxonomy":"category","embeddable":true,"href":"https:\/\/www.mladibl.com\/index.php?rest_route=%2Fwp%2Fv2%2Fcategories&post=19849"},{"taxonomy":"post_tag","embeddable":true,"href":"https:\/\/www.mladibl.com\/index.php?rest_route=%2Fwp%2Fv2%2Ftags&post=19849"}],"curies":[{"name":"wp","href":"https:\/\/api.w.org\/{rel}","templated":true}]}}