{"id":19820,"date":"2022-04-25T21:32:52","date_gmt":"2022-04-25T19:32:52","guid":{"rendered":"https:\/\/www.mladibl.com\/?p=19820"},"modified":"2022-04-25T21:32:54","modified_gmt":"2022-04-25T19:32:54","slug":"youth-speak-forum-najveca-konferencija-za-mlade","status":"publish","type":"post","link":"https:\/\/www.mladibl.com\/?p=19820","title":{"rendered":"Youth Speak Forum \u2013 najve\u0107a konferencija za mlade"},"content":{"rendered":"\n<p>YouthSpeak Forum je jednodnevni doga\u0111aj koji realizuje najve\u0107a svjetska omladinska organizacija AIESEC. Cilj ima upoznavanje i pribli\u017eavanje mladih ljudi ka UN-ovim Ciljevima Odr\u017eivog Razvoja. Primarni fokus za ovogodi\u0161nji Youth Speak Forum je SDG 8 \u2013 dostojanstven rad i ekonomski rast.<\/p>\n\n\n\n<p>Kod nas se organizuje ve\u0107 sedam godina. Mladi ljudi dobiju priliku da \u010duju inspirativne pri\u010de uspje\u0161nih ljudi iz oblasti biznisa, marketinga, poduzetni\u0161tva i mnogih drugih, koji djeluju u Bosni i Hercegovini.<\/p>\n\n\n\n<p>Ovo je ujedno i prilika mladima da se upoznaju i pripreme za tr\u017ei\u0161te rada, istra\u017ee profesionalne mogu\u0107nosti unutar Bosne i Hercegovine i iska\u017eu svoje mi\u0161ljenje o doma\u0107im i globalnim pitanjima.<\/p>\n\n\n\n<p>YouthSpeak Forum konferencija \u0107e biti kombinacija razli\u010ditih aktivnosti poput interaktivnih radionica, edukativnih sesija, sajma kao i panel diskusije. Cjelodnevni doga\u0111aj omogu\u0107ava mladima da upoznaju partnerske kompanije i organizacije i upoznaju se sa brojnim prilikama u BiH koje su razvojnog karaktera.<\/p>\n\n\n\n<p>Tako\u0111er omogu\u0107ava kompanijama da predstave svoj rad i naprave pozitivan utjecaj na mlade ljude. Na ovom doga\u0111aju mogu upoznati budu\u0107e uposlenike, poslovne partnere, te da predstave svoju kompaniju i organizaciju onako kako \u017eele.<\/p>\n\n\n\n<p>Tema ove godine je Kreni od sebe. \u017delimo da predstavimo lidere koji su postigli uspjeh u ranim godinama svog \u017eivota. Svaka mlada osoba ima potencijal da razvije liderstvo u sebi i napravi pozitivnu promjenu u dru\u0161tvu. Na\u0161 cilj je da podstaknemo mlade vizionare koji su svjesni svojih mogu\u0107nosti.<\/p>\n\n\n\n<p>Datum i vrijeme: 06.06.2022<\/p>\n\n\n\n<p>11:00 \u2013 16:00<\/p>\n\n\n\n<p>Adresa: EKONOMSKI FAKULTET SARAJEVO<\/p>\n\n\n\n<p>Preuzeto sa: <a href=\"https:\/\/www.hocu.ba\/indexphp\/hocupriliku\/youth-speak-forum-najveca-konferencija-za-mlade\/\" target=\"_blank\" rel=\"noreferrer noopener\">hocu.ba<\/a><\/p>\n","protected":false},"excerpt":{"rendered":"<p>YouthSpeak Forum je jednodnevni doga\u0111aj koji realizuje najve\u0107a svjetska omladinska organizacija AIESEC. Cilj ima upoznavanje i pribli\u017eavanje mladih ljudi ka<\/p>\n","protected":false},"author":1,"featured_media":19804,"comment_status":"closed","ping_status":"open","sticky":false,"template":"","format":"standard","meta":{"om_disable_all_campaigns":false,"_monsterinsights_skip_tracking":false,"_monsterinsights_sitenote_active":false,"_monsterinsights_sitenote_note":"","_monsterinsights_sitenote_category":0,"footnotes":""},"categories":[6],"tags":[33,8582],"class_list":["post-19820","post","type-post","status-publish","format-standard","has-post-thumbnail","hentry","category-dogadjaji","tag-mladi","tag-youth-speak-forum"],"jetpack_featured_media_url":"https:\/\/www.mladibl.com\/wp-content\/uploads\/2022\/04\/Youth-Speak-Forum-\u2013-najveca-konferencija-za-mlade.jpg","amp_enabled":true,"_links":{"self":[{"href":"https:\/\/www.mladibl.com\/index.php?rest_route=\/wp\/v2\/posts\/19820","targetHints":{"allow":["GET"]}}],"collection":[{"href":"https:\/\/www.mladibl.com\/index.php?rest_route=\/wp\/v2\/posts"}],"about":[{"href":"https:\/\/www.mladibl.com\/index.php?rest_route=\/wp\/v2\/types\/post"}],"author":[{"embeddable":true,"href":"https:\/\/www.mladibl.com\/index.php?rest_route=\/wp\/v2\/users\/1"}],"replies":[{"embeddable":true,"href":"https:\/\/www.mladibl.com\/index.php?rest_route=%2Fwp%2Fv2%2Fcomments&post=19820"}],"version-history":[{"count":1,"href":"https:\/\/www.mladibl.com\/index.php?rest_route=\/wp\/v2\/posts\/19820\/revisions"}],"predecessor-version":[{"id":19821,"href":"https:\/\/www.mladibl.com\/index.php?rest_route=\/wp\/v2\/posts\/19820\/revisions\/19821"}],"wp:featuredmedia":[{"embeddable":true,"href":"https:\/\/www.mladibl.com\/index.php?rest_route=\/wp\/v2\/media\/19804"}],"wp:attachment":[{"href":"https:\/\/www.mladibl.com\/index.php?rest_route=%2Fwp%2Fv2%2Fmedia&parent=19820"}],"wp:term":[{"taxonomy":"category","embeddable":true,"href":"https:\/\/www.mladibl.com\/index.php?rest_route=%2Fwp%2Fv2%2Fcategories&post=19820"},{"taxonomy":"post_tag","embeddable":true,"href":"https:\/\/www.mladibl.com\/index.php?rest_route=%2Fwp%2Fv2%2Ftags&post=19820"}],"curies":[{"name":"wp","href":"https:\/\/api.w.org\/{rel}","templated":true}]}}