{"id":19812,"date":"2022-04-25T21:26:55","date_gmt":"2022-04-25T19:26:55","guid":{"rendered":"https:\/\/www.mladibl.com\/?p=19812"},"modified":"2022-04-25T21:26:56","modified_gmt":"2022-04-25T19:26:56","slug":"poklon-grada-veliki-koncert-rok-simfonije-26-aprila","status":"publish","type":"post","link":"https:\/\/www.mladibl.com\/?p=19812","title":{"rendered":"Poklon Grada: Veliki koncert \u201eRok simfonije\u201c 26. aprila"},"content":{"rendered":"\n<p>Grad poklanja sugra\u0111anima i svim gostima veliki koncert \u201eRok simfonije\u201c povodom obilje\u017eavanja Dana grada.<\/p>\n\n\n\n<p>Koncert \u0107e biti odr\u017ean 26. aprila, na \u0161etali\u0161tu kod Gradske uprave, sa po\u010detkom u 20.00 \u010dasova.<\/p>\n\n\n\n<p>Do\u0111ite da zajedno obilje\u017eimo Dan grada i u\u017eivamo u nastupu i bogatom repertoaru \u201eRok simfonije\u201c, koji se sastoji od rok klasika.<\/p>\n\n\n\n<p>Preuzeto sa: <a href=\"https:\/\/www.banjaluka.rs.ba\/poklon-grada-veliki-koncert-rok-simfonije-26-aprila\/\" target=\"_blank\" rel=\"noreferrer noopener\">Grad Banja Luka<\/a><\/p>\n","protected":false},"excerpt":{"rendered":"<p>Grad poklanja sugra\u0111anima i svim gostima veliki koncert \u201eRok simfonije\u201c povodom obilje\u017eavanja Dana grada. Koncert \u0107e biti odr\u017ean 26. aprila,<\/p>\n","protected":false},"author":1,"featured_media":19807,"comment_status":"closed","ping_status":"open","sticky":false,"template":"","format":"standard","meta":{"om_disable_all_campaigns":false,"_monsterinsights_skip_tracking":false,"_monsterinsights_sitenote_active":false,"_monsterinsights_sitenote_note":"","_monsterinsights_sitenote_category":0,"footnotes":""},"categories":[2],"tags":[53,279,3536,8579],"class_list":["post-19812","post","type-post","status-publish","format-standard","has-post-thumbnail","hentry","category-vijesti","tag-banja-luka","tag-dan-grada","tag-koncert","tag-rok-simfonija"],"jetpack_featured_media_url":"https:\/\/www.mladibl.com\/wp-content\/uploads\/2022\/04\/Poklon-Grada-Veliki-koncert-\u201eRok-simfonije-26.-aprila.jpg","amp_enabled":true,"_links":{"self":[{"href":"https:\/\/www.mladibl.com\/index.php?rest_route=\/wp\/v2\/posts\/19812","targetHints":{"allow":["GET"]}}],"collection":[{"href":"https:\/\/www.mladibl.com\/index.php?rest_route=\/wp\/v2\/posts"}],"about":[{"href":"https:\/\/www.mladibl.com\/index.php?rest_route=\/wp\/v2\/types\/post"}],"author":[{"embeddable":true,"href":"https:\/\/www.mladibl.com\/index.php?rest_route=\/wp\/v2\/users\/1"}],"replies":[{"embeddable":true,"href":"https:\/\/www.mladibl.com\/index.php?rest_route=%2Fwp%2Fv2%2Fcomments&post=19812"}],"version-history":[{"count":1,"href":"https:\/\/www.mladibl.com\/index.php?rest_route=\/wp\/v2\/posts\/19812\/revisions"}],"predecessor-version":[{"id":19814,"href":"https:\/\/www.mladibl.com\/index.php?rest_route=\/wp\/v2\/posts\/19812\/revisions\/19814"}],"wp:featuredmedia":[{"embeddable":true,"href":"https:\/\/www.mladibl.com\/index.php?rest_route=\/wp\/v2\/media\/19807"}],"wp:attachment":[{"href":"https:\/\/www.mladibl.com\/index.php?rest_route=%2Fwp%2Fv2%2Fmedia&parent=19812"}],"wp:term":[{"taxonomy":"category","embeddable":true,"href":"https:\/\/www.mladibl.com\/index.php?rest_route=%2Fwp%2Fv2%2Fcategories&post=19812"},{"taxonomy":"post_tag","embeddable":true,"href":"https:\/\/www.mladibl.com\/index.php?rest_route=%2Fwp%2Fv2%2Ftags&post=19812"}],"curies":[{"name":"wp","href":"https:\/\/api.w.org\/{rel}","templated":true}]}}