{"id":19702,"date":"2022-04-20T00:07:46","date_gmt":"2022-04-19T22:07:46","guid":{"rendered":"https:\/\/www.mladibl.com\/?p=19702"},"modified":"2022-04-20T00:07:47","modified_gmt":"2022-04-19T22:07:47","slug":"poziv-na-radionicu-politicka-odgovornost-i-kako-je-traziti-vol-2%e2%80%b3","status":"publish","type":"post","link":"https:\/\/www.mladibl.com\/?p=19702","title":{"rendered":"Poziv na radionicu: \u201cPoliti\u010dka odgovornost i kako je tra\u017eiti vol.2\u2033"},"content":{"rendered":"\n<p>Prijavite se za u\u010de\u0161\u0107e na \u010detverodnevnom treningu pod nazivom \u2013 Politi\u010dka odgovornost i kako je tra\u017eiti vol.2 Poziv namijenjen za mlade (18-35) iz cijele Bosne i Hercegovine!<\/p>\n\n\n\n<p>\u0160ta?<\/p>\n\n\n\n<p>Gra\u0111ani i gra\u0111anke, pa \u010dak i izabrani zvani\u010dnici i zvani\u010dnice, \u0161to na lokalnim, \u0161to na parlamentarnim izborima, ne znaju ba\u0161 mnogo o funkcionisanju dr\u017eave i svih njenih nivoa, nadle\u017enosti, procesa. Prakti\u010dno kazano, nau\u010dit \u0107ete ko je za \u0161ta zadu\u017een, \u010dija je nadle\u017enost park, \u010dija rasvjeta, \u010dija autoput, a \u010dija EU integracije. Saznat \u0107ete koga pitate i koga da prozovete ako vam ne valja asfalt u ulici, ako vam se ne svi\u0111a poreska politika ili ako va\u0161a op\u0107ina plati pola miliona maraka za postavljanje 10 klupa na glavnom trgu va\u0161e lokalne zajednice.<\/p>\n\n\n\n<p>Tako\u0111er, saznat \u0107ete odgovor na pitanje: \u201cKAKO?\u201d. Kako kao gra\u0111ani mo\u017eete u\u010destvovati, informisati se, izvr\u0161iti pritisak kroz direktnu komunikaciju, zahtijevati, tra\u017eiti, lobirati i na kraju svih krajeva kako komunicirati s javno\u0161\u0107u, ukoliko va\u0161a racionalna i realna o\u010dekivanja nisu ispunjena.<\/p>\n\n\n\n<p>Svakako, svi u\u010desnici treninga \u0107e kroz mentorski proces biti podr\u017eani da nakon zavr\u0161ene radionice nau\u010deno prenesu u svoje lokalne zajednice.<\/p>\n\n\n\n<p>Ko?<\/p>\n\n\n\n<p>Osobe od 18-35 godina iz cijele Bosne i Hercegovine, aktivni u lokalnim zajednicama iz kojih dolaze \u2013 studenti\/ce, srednjo\u0161kolci\/ke, zaposleni\/e ili ne.<\/p>\n\n\n\n<p>Tra\u017eimo dru\u0161tveno anga\u017eovane osobe koje \u0107e po zavr\u0161etku treninga i usvojenog znanja po povratku u lokalne zajednice inicirati jednu gra\u0111ansku inicijativu.<\/p>\n\n\n\n<p>Kad?<\/p>\n\n\n\n<p>Od 05.05.2022. do 08.05.2022.godine \u2013 primljeni u\u010desnici i u\u010desnice \u0107e biti kontaktirani najkasnije do 29.04.2022. godine.<\/p>\n\n\n\n<p>Gdje?<\/p>\n\n\n\n<p>U Tuzli, od 05. do 08. maja 2022. godine.<\/p>\n\n\n\n<p>Ko organizuje?<\/p>\n\n\n\n<p>Ekipa okupljena oko satiri\u010dnog portala \u0161atro.info, odnosno Udru\u017eenja za razvoj medija i civilnog dru\u0161tva.<\/p>\n\n\n\n<p>\u0160ta \u0107emo raditi?<\/p>\n\n\n\n<p>Upoznati politi\u010dki sistem Bosne i Hercegovine \u2013 od dr\u017eave do lokala, razjasniti ko se \u010dime bavi i zbog \u010dega, ko je odgovoran, a ko se pravi da nije. Osmisliti kako komunicirati s onima koji su odgovorni, \u0161ta od njih mo\u017eemo i moramo tra\u017eiti. Nastaviti komunicirati i implementirati nau\u010deno i nakon zavr\u0161etka radionice.<\/p>\n\n\n\n<p>Kako se prijaviti?<\/p>\n\n\n\n<p>Popuniti Google obrazac i poslati kratko motivaciono pismo u kojem \u0107ete nam re\u0107i vi\u0161e o gra\u0111anskoj inicijativi koju planirate inicirati nakon radionica \u2013 recite nam \u0161ta ne valja u va\u0161oj lokalnoj zajednici i kako bi to mijenjali. Motivaciono pismo treba da sadr\u017ei opis va\u0161e inicijative, te razloge za\u0161to je ona zna\u010dajna u va\u0161oj zajednici. Po\u0161aljite do 27.04.2022. godine. Tako\u0111er, potrebno je da ispunite i kratki formular na linku: <strong><a href=\"https:\/\/docs.google.com\/forms\/d\/e\/1FAIpQLScJFD3p8zeUwye7ZjZuj48drnxZq3BBvk21L_tm7OiQ11zHdQ\/viewform?usp=pp_url\" target=\"_blank\" rel=\"noreferrer noopener\">Prijava za radionicu Politi\u010dka odgovornost i kako je tra\u017eiti vol.2<\/a><\/strong><\/p>\n\n\n\n<p>Napomena: Motivaciono \u2013 ne pretjerujte, nije Harvard. Do jedne stranice teksta.<\/p>\n\n\n\n<p>\u0160ta se o\u010dekuje od vas?<\/p>\n\n\n\n<p>\u2013 U\u010de\u0161\u0107e svakog dana programa;<\/p>\n\n\n\n<p>\u2013 Interes za djelovanjem u lokalnoj zajednici;<\/p>\n\n\n\n<p>\u2013 Spremnost da inicirate jednu gra\u0111ansku inicijativu i uputite prema vije\u0107u va\u0161e op\u0161tine\/grada\/kantona.<\/p>\n\n\n\n<p>Dodatne informacije:<\/p>\n\n\n\n<p>\u2013 Radionice \u0107e biti realizovane kroz neformalnu edukaciju;<\/p>\n\n\n\n<p>\u2013 Vodi\u0107e ih stru\u010dnjaci iz oblasti vladavine zakona, medija i omladinskog rada;<\/p>\n\n\n\n<p>\u2013 Organizator pokriva tro\u0161kove prevoza, no\u0107enja i ishrane tokom u\u010de\u0161\u0107a na radionicama (puni pansion);<\/p>\n\n\n\n<p>\u2013 Kao \u0161to smo ve\u0107 naveli \u2013 ogroman broj BH gra\u0111ana nije upoznat sa ovom temom \u2013 pa ni od vas ne o\u010dekujemo da imate predznanje. O\u010dekujemo energiju, volju i \u017eelju za li\u010dnim usavr\u0161avanjem u cilju doprinosa lokalnoj zajednici iz koje dolazite.<\/p>\n\n\n\n<p>Ova aktivnost je je mogu\u0107a zahvaljuju\u0107i podr\u0161ci Bosnia and Herzegovina Resilience Initative (BHRI), projekta kojeg implementira Me\u0111unarodna organizacija za migracije (IOM), a kojeg finansira Austrijska razvojna saradnja.<\/p>\n\n\n\n<p>Preuzeto sa: <a href=\"https:\/\/www.mreza-mira.net\/vijesti\/seminari-treninzi\/poziv-na-radionicu-politicka-odgovornost-i-kako-je-traziti-vol-2\/\" target=\"_blank\" rel=\"noreferrer noopener\">mreza-mira<\/a>.net<\/p>\n","protected":false},"excerpt":{"rendered":"<p>Prijavite se za u\u010de\u0161\u0107e na \u010detverodnevnom treningu pod nazivom \u2013 Politi\u010dka odgovornost i kako je tra\u017eiti vol.2 Poziv namijenjen za<\/p>\n","protected":false},"author":1,"featured_media":19681,"comment_status":"closed","ping_status":"open","sticky":false,"template":"","format":"standard","meta":{"om_disable_all_campaigns":false,"_monsterinsights_skip_tracking":false,"_monsterinsights_sitenote_active":false,"_monsterinsights_sitenote_note":"","_monsterinsights_sitenote_category":0,"footnotes":""},"categories":[6],"tags":[3479,23],"class_list":["post-19702","post","type-post","status-publish","format-standard","has-post-thumbnail","hentry","category-dogadjaji","tag-politicka-odgovornost","tag-radionica"],"jetpack_featured_media_url":"https:\/\/www.mladibl.com\/wp-content\/uploads\/2022\/04\/Poziv-na-radionicu-Politicka-odgovornost-i-kako-je-traziti-vol.2.jpg","amp_enabled":true,"_links":{"self":[{"href":"https:\/\/www.mladibl.com\/index.php?rest_route=\/wp\/v2\/posts\/19702","targetHints":{"allow":["GET"]}}],"collection":[{"href":"https:\/\/www.mladibl.com\/index.php?rest_route=\/wp\/v2\/posts"}],"about":[{"href":"https:\/\/www.mladibl.com\/index.php?rest_route=\/wp\/v2\/types\/post"}],"author":[{"embeddable":true,"href":"https:\/\/www.mladibl.com\/index.php?rest_route=\/wp\/v2\/users\/1"}],"replies":[{"embeddable":true,"href":"https:\/\/www.mladibl.com\/index.php?rest_route=%2Fwp%2Fv2%2Fcomments&post=19702"}],"version-history":[{"count":1,"href":"https:\/\/www.mladibl.com\/index.php?rest_route=\/wp\/v2\/posts\/19702\/revisions"}],"predecessor-version":[{"id":19703,"href":"https:\/\/www.mladibl.com\/index.php?rest_route=\/wp\/v2\/posts\/19702\/revisions\/19703"}],"wp:featuredmedia":[{"embeddable":true,"href":"https:\/\/www.mladibl.com\/index.php?rest_route=\/wp\/v2\/media\/19681"}],"wp:attachment":[{"href":"https:\/\/www.mladibl.com\/index.php?rest_route=%2Fwp%2Fv2%2Fmedia&parent=19702"}],"wp:term":[{"taxonomy":"category","embeddable":true,"href":"https:\/\/www.mladibl.com\/index.php?rest_route=%2Fwp%2Fv2%2Fcategories&post=19702"},{"taxonomy":"post_tag","embeddable":true,"href":"https:\/\/www.mladibl.com\/index.php?rest_route=%2Fwp%2Fv2%2Ftags&post=19702"}],"curies":[{"name":"wp","href":"https:\/\/api.w.org\/{rel}","templated":true}]}}