{"id":19557,"date":"2022-04-15T07:32:49","date_gmt":"2022-04-15T05:32:49","guid":{"rendered":"https:\/\/www.mladibl.com\/?p=19557"},"modified":"2022-04-15T07:32:50","modified_gmt":"2022-04-15T05:32:50","slug":"danas-centralna-akcija-dodite-da-zajedno-uredimo-starcevicu","status":"publish","type":"post","link":"https:\/\/www.mladibl.com\/?p=19557","title":{"rendered":"Danas centralna akcija: Do\u0111ite da zajedno uredimo Star\u010devicu"},"content":{"rendered":"\n<p>Centralno ure\u0111enje Star\u010device bi\u0107e organizovano danas, 15. aprila, a svi sugra\u0111ani su pozvani da se pridru\u017ee od 17.00 \u010dasova i da zajedno sa nadle\u017enim gradskim slu\u017ebama zasade cvije\u0107e, sadnice i uljep\u0161aju svoje naselje.<\/p>\n\n\n\n<p>Mjesto okupljanja je u Ulici Dr Vojislava \u0110ede Kecmanovi\u0107a, na prostoru kod spomen obilje\u017eja poginulim borcima Odbrambeno-otad\u017ebinskog rata.<\/p>\n\n\n\n<p>Grad \u0107e obezbijediti opremu, sadnice, cvije\u0107e, ali i zabavu za najmla\u0111e odnosno animatore i prigodne poklone za u\u010desnike.<\/p>\n\n\n\n<p>Upravo zbog toga, budete i vi dio ove akcije i pridru\u017eite nam se da zajedno uredimo sva na\u0161a naselja, a samim tim i na\u0161 grad.<\/p>\n\n\n\n<p>Podsje\u0107amo, velika akcija ure\u0111enja grada pod sloganom \u201e\u010cisto lice grada\u201c po\u010dela je na podru\u010dju Centra 1 i Centra 2, nakon toga akcija je nastavljena i u mjesnim zajednicama: Borik 1 i Borik 2, Obili\u0107evo 1 i 2, Nova varo\u0161 i Rosulje, a ove sedmice odvija se na prostoru na\u0161e najve\u0107e mjesne zajednice. Predvi\u0111eno je da ista traje cijelo prolje\u0107e, te da budu obuhva\u0107ene sve mjesne zajednice, od centralnih, prigradskih pa sve do seoskih.<\/p>\n\n\n\n<p>Preuzeto sa: <a href=\"https:\/\/www.banjaluka.rs.ba\/dodjite-da-zajedno-uredimo-starcevicu\/\" target=\"_blank\" rel=\"noreferrer noopener\">Grad Banja Luka<\/a><\/p>\n","protected":false},"excerpt":{"rendered":"<p>Centralno ure\u0111enje Star\u010device bi\u0107e organizovano danas, 15. aprila, a svi sugra\u0111ani su pozvani da se pridru\u017ee od 17.00 \u010dasova i<\/p>\n","protected":false},"author":1,"featured_media":19554,"comment_status":"closed","ping_status":"open","sticky":false,"template":"","format":"standard","meta":{"om_disable_all_campaigns":false,"_monsterinsights_skip_tracking":false,"_monsterinsights_sitenote_active":false,"_monsterinsights_sitenote_note":"","_monsterinsights_sitenote_category":0,"footnotes":""},"categories":[2],"tags":[8260,476,4777],"class_list":["post-19557","post","type-post","status-publish","format-standard","has-post-thumbnail","hentry","category-vijesti","tag-centralna-akcija","tag-starcevica","tag-uredenje"],"jetpack_featured_media_url":"https:\/\/www.mladibl.com\/wp-content\/uploads\/2022\/04\/Sutra-centralna-akcija-Dodite-da-zajedno-uredimo-Starcevicu.jpg","amp_enabled":true,"_links":{"self":[{"href":"https:\/\/www.mladibl.com\/index.php?rest_route=\/wp\/v2\/posts\/19557","targetHints":{"allow":["GET"]}}],"collection":[{"href":"https:\/\/www.mladibl.com\/index.php?rest_route=\/wp\/v2\/posts"}],"about":[{"href":"https:\/\/www.mladibl.com\/index.php?rest_route=\/wp\/v2\/types\/post"}],"author":[{"embeddable":true,"href":"https:\/\/www.mladibl.com\/index.php?rest_route=\/wp\/v2\/users\/1"}],"replies":[{"embeddable":true,"href":"https:\/\/www.mladibl.com\/index.php?rest_route=%2Fwp%2Fv2%2Fcomments&post=19557"}],"version-history":[{"count":1,"href":"https:\/\/www.mladibl.com\/index.php?rest_route=\/wp\/v2\/posts\/19557\/revisions"}],"predecessor-version":[{"id":19558,"href":"https:\/\/www.mladibl.com\/index.php?rest_route=\/wp\/v2\/posts\/19557\/revisions\/19558"}],"wp:featuredmedia":[{"embeddable":true,"href":"https:\/\/www.mladibl.com\/index.php?rest_route=\/wp\/v2\/media\/19554"}],"wp:attachment":[{"href":"https:\/\/www.mladibl.com\/index.php?rest_route=%2Fwp%2Fv2%2Fmedia&parent=19557"}],"wp:term":[{"taxonomy":"category","embeddable":true,"href":"https:\/\/www.mladibl.com\/index.php?rest_route=%2Fwp%2Fv2%2Fcategories&post=19557"},{"taxonomy":"post_tag","embeddable":true,"href":"https:\/\/www.mladibl.com\/index.php?rest_route=%2Fwp%2Fv2%2Ftags&post=19557"}],"curies":[{"name":"wp","href":"https:\/\/api.w.org\/{rel}","templated":true}]}}