{"id":19384,"date":"2022-04-10T23:41:06","date_gmt":"2022-04-10T21:41:06","guid":{"rendered":"https:\/\/www.mladibl.com\/?p=19384"},"modified":"2022-04-10T23:41:08","modified_gmt":"2022-04-10T21:41:08","slug":"na-dan-grada-panoramskim-mini-busom-na-banj-brdo-od-22-aprila","status":"publish","type":"post","link":"https:\/\/www.mladibl.com\/?p=19384","title":{"rendered":"Na Dan grada: Panoramskim mini busom na Banj brdo od 22. aprila"},"content":{"rendered":"\n<p>Panoramski mini bus za Dan grada, ta\u010dnije 22. aprila, krenu\u0107e prema Banj brdu.<\/p>\n\n\n\n<p>Tradicionalno i u skladu sa dosada\u0161njom praksom, nakon zimske pauze, planirano je da za po\u010detak vozi samo vikendom i to u periodu od 9.00 do 19.00 \u010dasova.<\/p>\n\n\n\n<p>-Banj bus \u0107e saobra\u0107ati na svakih sat vremena sa po\u010detnog mjesta, ta\u010dnije kod fabrike obu\u0107e \u201eBema\u201c, pri \u010demu je neophodno naglasiti da sa po\u010detnog mjesta \u201eBanj bus\u201c saobra\u0107a na puni sat, a u povratku na pola sata \u2013 navode iz resornog Odjeljenja za saobra\u0107aj i puteve.<\/p>\n\n\n\n<p>Napominju kako se cijene prevoza za korisnike \u201eBanj busa\u201c ne\u0107e mijenjati, odnosno da \u0107e karta, kao i dosada, ko\u0161tati 1 KM, dok je karta za djecu do pet godina besplatna.<\/p>\n\n\n\n<p>-Reakcije gra\u0111ana na usluge \u201eBanj busa\u201c su pozitivne i zadovoljavaju\u0107i je odziv. Za naredni period se o\u010dekuje pove\u0107an broj korisnika s obzirom da je uticaj pandemije virusa COVID-19 na mobilnost stanovni\u0161tva znatno smanjena \u2013 poru\u010duju iz resornog Odjeljenja.<\/p>\n\n\n\n<p>Za eventualne izmjene u odnosu na ovaj plan, gra\u0111ani \u0107e biti obavje\u0161teni putem medija.<\/p>\n\n\n\n<p>Preuzeto sa: <a href=\"https:\/\/www.banjaluka.rs.ba\/na-dan-grada-panoramskim-mini-busom-na-banj-brdo-od-22-aprila\/\" target=\"_blank\" rel=\"noreferrer noopener\">Grad Banja Luka<\/a><\/p>\n","protected":false},"excerpt":{"rendered":"<p>Panoramski mini bus za Dan grada, ta\u010dnije 22. aprila, krenu\u0107e prema Banj brdu. Tradicionalno i u skladu sa dosada\u0161njom praksom,<\/p>\n","protected":false},"author":1,"featured_media":19378,"comment_status":"closed","ping_status":"open","sticky":false,"template":"","format":"standard","meta":{"om_disable_all_campaigns":false,"_monsterinsights_skip_tracking":false,"_monsterinsights_sitenote_active":false,"_monsterinsights_sitenote_note":"","_monsterinsights_sitenote_category":0,"footnotes":""},"categories":[2],"tags":[766,53,279,765],"class_list":["post-19384","post","type-post","status-publish","format-standard","has-post-thumbnail","hentry","category-vijesti","tag-banj-brdo","tag-banja-luka","tag-dan-grada","tag-panoramski-bus"],"jetpack_featured_media_url":"https:\/\/www.mladibl.com\/wp-content\/uploads\/2022\/04\/Na-Dan-grada-Panoramskim-mini-busom-na-Banj-brdo-od-22.-aprila.jpg","amp_enabled":true,"_links":{"self":[{"href":"https:\/\/www.mladibl.com\/index.php?rest_route=\/wp\/v2\/posts\/19384","targetHints":{"allow":["GET"]}}],"collection":[{"href":"https:\/\/www.mladibl.com\/index.php?rest_route=\/wp\/v2\/posts"}],"about":[{"href":"https:\/\/www.mladibl.com\/index.php?rest_route=\/wp\/v2\/types\/post"}],"author":[{"embeddable":true,"href":"https:\/\/www.mladibl.com\/index.php?rest_route=\/wp\/v2\/users\/1"}],"replies":[{"embeddable":true,"href":"https:\/\/www.mladibl.com\/index.php?rest_route=%2Fwp%2Fv2%2Fcomments&post=19384"}],"version-history":[{"count":1,"href":"https:\/\/www.mladibl.com\/index.php?rest_route=\/wp\/v2\/posts\/19384\/revisions"}],"predecessor-version":[{"id":19385,"href":"https:\/\/www.mladibl.com\/index.php?rest_route=\/wp\/v2\/posts\/19384\/revisions\/19385"}],"wp:featuredmedia":[{"embeddable":true,"href":"https:\/\/www.mladibl.com\/index.php?rest_route=\/wp\/v2\/media\/19378"}],"wp:attachment":[{"href":"https:\/\/www.mladibl.com\/index.php?rest_route=%2Fwp%2Fv2%2Fmedia&parent=19384"}],"wp:term":[{"taxonomy":"category","embeddable":true,"href":"https:\/\/www.mladibl.com\/index.php?rest_route=%2Fwp%2Fv2%2Fcategories&post=19384"},{"taxonomy":"post_tag","embeddable":true,"href":"https:\/\/www.mladibl.com\/index.php?rest_route=%2Fwp%2Fv2%2Ftags&post=19384"}],"curies":[{"name":"wp","href":"https:\/\/api.w.org\/{rel}","templated":true}]}}