{"id":19382,"date":"2022-04-10T23:39:52","date_gmt":"2022-04-10T21:39:52","guid":{"rendered":"https:\/\/www.mladibl.com\/?p=19382"},"modified":"2022-04-10T23:39:54","modified_gmt":"2022-04-10T21:39:54","slug":"poeziju-ce-svi-citati-u-susret-5-festivalu-knjizevnosti-imperativ-i-danu-grada-banje-luke","status":"publish","type":"post","link":"https:\/\/www.mladibl.com\/?p=19382","title":{"rendered":"Poeziju \u0107e svi \u010ditati: U susret 5. festivalu knji\u017eevnosti \u201eImperativ\u201c i Danu grada Banje Luke"},"content":{"rendered":"\n<p>U Kulturnom centru Banski dvor u ponedjeljak, 11. aprila, sa po\u010detkom u 19.00 \u010dasova, bi\u0107e odr\u017ean program \u201ePoeziju \u0107e svi \u010ditati \u2013 Banjalu\u010dka lira\u201c \u2013 u susret 5. festivalu knji\u017eevnosti \u201eImperativ\u201c i Danu grada Banja Luka.<\/p>\n\n\n\n<p>-Publici, koja je urednik ovog programa i koja ima priliku da izabere i pro\u010dita jednu pjesmu autora iz regiona, ovaj put pridru\u017ei\u0107e se i pjesnici iz Banje Luke koji su bili u\u010desnici prethodna \u010detiri fetivala.Pozivamo sve one koji \u017eele da budu dio ovog programa da nam se jave u inboks i po\u0161alju naziv pjesme i ime autora kojeg \u017eele da \u010ditaju kako se naslovi ne bi ponavljali i kako bismo \u010duli \u0161to vi\u0161e razli\u010ditih pjesama \u2013 navodi se u saop\u0161tenju.<\/p>\n\n\n\n<p>Doga\u0111aj organizuje Udru\u017eenje za promociju i popularizaciju knji\u017eevnosti \u201eImperativ\u201c u saradnji sa Banskim dvorom \u2013 Kulturnim centrom, a ulaz je slobodan.<\/p>\n\n\n\n<p>Preuzeto sa: <a href=\"https:\/\/www.banjaluka.rs.ba\/poeziju-ce-svi-citati-u-susret-5-festivalu-knjizevnosti-imperativ-i-danu-grada-banje-luke\/\" target=\"_blank\" rel=\"noreferrer noopener\">Grad Banja Luka<\/a><\/p>\n","protected":false},"excerpt":{"rendered":"<p>U Kulturnom centru Banski dvor u ponedjeljak, 11. aprila, sa po\u010detkom u 19.00 \u010dasova, bi\u0107e odr\u017ean program \u201ePoeziju \u0107e svi<\/p>\n","protected":false},"author":1,"featured_media":19379,"comment_status":"closed","ping_status":"open","sticky":false,"template":"","format":"standard","meta":{"om_disable_all_campaigns":false,"_monsterinsights_skip_tracking":false,"_monsterinsights_sitenote_active":false,"_monsterinsights_sitenote_note":"","_monsterinsights_sitenote_category":0,"footnotes":""},"categories":[2],"tags":[707,5020,8478,8425],"class_list":["post-19382","post","type-post","status-publish","format-standard","has-post-thumbnail","hentry","category-vijesti","tag-festival","tag-imperativ","tag-knjzevnost","tag-poeziju-ce-svi-citati"],"jetpack_featured_media_url":"https:\/\/www.mladibl.com\/wp-content\/uploads\/2022\/04\/Poeziju-ce-svi-citati-U-susret-5.-festivalu-knjizevnosti-\u201eImperativ-i-Danu-grada-Banje-Luke.jpg","amp_enabled":true,"_links":{"self":[{"href":"https:\/\/www.mladibl.com\/index.php?rest_route=\/wp\/v2\/posts\/19382","targetHints":{"allow":["GET"]}}],"collection":[{"href":"https:\/\/www.mladibl.com\/index.php?rest_route=\/wp\/v2\/posts"}],"about":[{"href":"https:\/\/www.mladibl.com\/index.php?rest_route=\/wp\/v2\/types\/post"}],"author":[{"embeddable":true,"href":"https:\/\/www.mladibl.com\/index.php?rest_route=\/wp\/v2\/users\/1"}],"replies":[{"embeddable":true,"href":"https:\/\/www.mladibl.com\/index.php?rest_route=%2Fwp%2Fv2%2Fcomments&post=19382"}],"version-history":[{"count":1,"href":"https:\/\/www.mladibl.com\/index.php?rest_route=\/wp\/v2\/posts\/19382\/revisions"}],"predecessor-version":[{"id":19383,"href":"https:\/\/www.mladibl.com\/index.php?rest_route=\/wp\/v2\/posts\/19382\/revisions\/19383"}],"wp:featuredmedia":[{"embeddable":true,"href":"https:\/\/www.mladibl.com\/index.php?rest_route=\/wp\/v2\/media\/19379"}],"wp:attachment":[{"href":"https:\/\/www.mladibl.com\/index.php?rest_route=%2Fwp%2Fv2%2Fmedia&parent=19382"}],"wp:term":[{"taxonomy":"category","embeddable":true,"href":"https:\/\/www.mladibl.com\/index.php?rest_route=%2Fwp%2Fv2%2Fcategories&post=19382"},{"taxonomy":"post_tag","embeddable":true,"href":"https:\/\/www.mladibl.com\/index.php?rest_route=%2Fwp%2Fv2%2Ftags&post=19382"}],"curies":[{"name":"wp","href":"https:\/\/api.w.org\/{rel}","templated":true}]}}