{"id":19368,"date":"2022-04-10T23:38:41","date_gmt":"2022-04-10T21:38:41","guid":{"rendered":"https:\/\/www.mladibl.com\/?p=19368"},"modified":"2022-04-10T23:38:43","modified_gmt":"2022-04-10T21:38:43","slug":"grad-u-novu-sezonu-dajaka-ulazi-sa-pristanistem","status":"publish","type":"post","link":"https:\/\/www.mladibl.com\/?p=19368","title":{"rendered":"Grad u novu sezonu dajaka ulazi sa pristani\u0161tem"},"content":{"rendered":"\n<p>Prvo dajak pristani\u0161te u Banjoj Luci, koje se nalazi na popularnoj pla\u017ei \u201eAbacija\u201c, uskoro \u0107e i zvani\u010dno biti otvoreno.<\/p>\n\n\n\n<p>Radovi su privedeni kraju, vremenski uslovi se pobolj\u0161avaju, te na veliko zadovoljstvo svih ljubitelja dajak \u010damca i aktivnih dajaka\u0161a, kojih ima vi\u0161e od 150, pristani\u0161te \u0107e i zvani\u010dno da bude u upotrebi.<\/p>\n\n\n\n<p>-Ure\u0111enje i o\u010duvanje rijeke Vrbas je gradska administracija postavila kao jedan od najva\u017enijih prioriteta kada su u pitanju investicioni projekti. Sa izgradnjom ovog dajak pristani\u0161ta zapravo ne zavr\u0161avamo, ve\u0107 po\u010dinjemo niz projekata koji \u0107e obogatiti turisti\u010dku ponudu grada, ali i stvoriti uslove za sportske i rekreativne sadr\u017eaje na rijeci Vrbas \u2013 rekao je ovla\u0161teni potpisnik Odjeljenja za komunalne poslove, Bori\u0161a Mandi\u0107.<\/p>\n\n\n\n<p>Nagla\u0161ava da Grad planira i ure\u0111enje pla\u017ee uz Vrbas, kao i mnoge sli\u010dne projekte.<\/p>\n\n\n\n<p>-Ove godine planiramo ure\u0111enje \u201e\u0160vedske pla\u017ee\u201c, koja se sastoji iz dva ambijenta \u2013 \u0161ljun\u010danog i travnatnog, sa svim potrebnim sadr\u017eajima, kao \u0161to su le\u017ealjke, tu\u0161evi, sportski i ugostiteljski sadr\u017eaji, kao i jedno manje dajak pristani\u0161te. Ambiciozno smo krenuli i u ovaj projekat \u2013 poru\u010dio je Mandi\u0107.<\/p>\n\n\n\n<p>Kada je rije\u010d o radovima na dajak pristani\u0161tu, podjse\u0107a da su radovi bili veoma zahtjevni.<\/p>\n\n\n\n<p>-Radovi u koritu rijeke su veoma slo\u017eeni i zahtijevaju posebnu za\u0161titnu konstrukciju u koritu koja omogu\u0107ava radnicima da rade neometano u samoj rijeci Vrbas \u2013 poru\u010dio je on.<\/p>\n\n\n\n<p>Izgradnjom prvog dajak pristani\u0161ta, na koje su dajaka\u0161i iz Banje Luke \u010dekali vi\u0161e od decenije, ostvari\u0107e se bolji uslovi za treniranje, ali i bolji uslovi za sve turiste koji do\u0111u u Banju Luku.<\/p>\n\n\n\n<p>Upravo su dajaka\u0161i bili ti koji su od samih po\u010detaka u\u010destvovali u izgradnji ovog projekta.<\/p>\n\n\n\n<p>Preuzeto sa: <a href=\"https:\/\/www.banjaluka.rs.ba\/grad-u-novu-sezonu-dajaka-ulazi-sa-pristanistem\/\" target=\"_blank\" rel=\"noreferrer noopener\">Grad Banja Luka<\/a><\/p>\n","protected":false},"excerpt":{"rendered":"<p>Prvo dajak pristani\u0161te u Banjoj Luci, koje se nalazi na popularnoj pla\u017ei \u201eAbacija\u201c, uskoro \u0107e i zvani\u010dno biti otvoreno. Radovi<\/p>\n","protected":false},"author":1,"featured_media":19380,"comment_status":"closed","ping_status":"open","sticky":false,"template":"","format":"standard","meta":{"om_disable_all_campaigns":false,"_monsterinsights_skip_tracking":false,"_monsterinsights_sitenote_active":false,"_monsterinsights_sitenote_note":"","_monsterinsights_sitenote_category":0,"footnotes":""},"categories":[2],"tags":[53,3877,3878],"class_list":["post-19368","post","type-post","status-publish","format-standard","has-post-thumbnail","hentry","category-vijesti","tag-banja-luka","tag-dajak","tag-pristaniste"],"jetpack_featured_media_url":"https:\/\/www.mladibl.com\/wp-content\/uploads\/2022\/04\/Grad-u-novu-sezonu-dajaka-ulazi-sa-pristanistem.png","amp_enabled":true,"_links":{"self":[{"href":"https:\/\/www.mladibl.com\/index.php?rest_route=\/wp\/v2\/posts\/19368","targetHints":{"allow":["GET"]}}],"collection":[{"href":"https:\/\/www.mladibl.com\/index.php?rest_route=\/wp\/v2\/posts"}],"about":[{"href":"https:\/\/www.mladibl.com\/index.php?rest_route=\/wp\/v2\/types\/post"}],"author":[{"embeddable":true,"href":"https:\/\/www.mladibl.com\/index.php?rest_route=\/wp\/v2\/users\/1"}],"replies":[{"embeddable":true,"href":"https:\/\/www.mladibl.com\/index.php?rest_route=%2Fwp%2Fv2%2Fcomments&post=19368"}],"version-history":[{"count":1,"href":"https:\/\/www.mladibl.com\/index.php?rest_route=\/wp\/v2\/posts\/19368\/revisions"}],"predecessor-version":[{"id":19381,"href":"https:\/\/www.mladibl.com\/index.php?rest_route=\/wp\/v2\/posts\/19368\/revisions\/19381"}],"wp:featuredmedia":[{"embeddable":true,"href":"https:\/\/www.mladibl.com\/index.php?rest_route=\/wp\/v2\/media\/19380"}],"wp:attachment":[{"href":"https:\/\/www.mladibl.com\/index.php?rest_route=%2Fwp%2Fv2%2Fmedia&parent=19368"}],"wp:term":[{"taxonomy":"category","embeddable":true,"href":"https:\/\/www.mladibl.com\/index.php?rest_route=%2Fwp%2Fv2%2Fcategories&post=19368"},{"taxonomy":"post_tag","embeddable":true,"href":"https:\/\/www.mladibl.com\/index.php?rest_route=%2Fwp%2Fv2%2Ftags&post=19368"}],"curies":[{"name":"wp","href":"https:\/\/api.w.org\/{rel}","templated":true}]}}