{"id":1918,"date":"2020-07-02T22:35:11","date_gmt":"2020-07-02T20:35:11","guid":{"rendered":"http:\/\/www.mladibl.com\/?p=1918"},"modified":"2020-07-02T22:35:13","modified_gmt":"2020-07-02T20:35:13","slug":"u-pripremi-rebalans-gradskog-budzeta","status":"publish","type":"post","link":"https:\/\/www.mladibl.com\/?p=1918","title":{"rendered":"U pripremi rebalans gradskog bud\u017eeta"},"content":{"rendered":"\n<p>Idu\u0107e sjednica Skup\u0161tine grada bi\u0107e odr\u017eana krajem avgusta ili po\u010detkom septembra ove godine, odlu\u010deno je na dana\u0161njoj sjednici skup\u0161tinskog Kolegijuma.<\/p>\n\n\n\n<p>Gradona\u010delnik Igor Radoji\u010di\u0107 objasnio je da su u opticaju bila dva termina za sljede\u0107u sjednicu gradskog parlamenta, u zavisnosti od mogu\u0107nosti da se pripremi rebalans gradskog bud\u017eeta.<\/p>\n\n\n\n<p>S obzirom na to da nije realno da tokom ovog mjeseca pripremimo rebalans bud\u017eeta po\u0161to je, zbog ekonomskih posljedica epidemije korona virusa, situacija sa finansijama i dalje neizvjesna, odlu\u010dili smo da sa\u010dekamo kraj avgusta kako bismo pripremili kvalitetan dokument i iznijeli ga pred Skup\u0161tinu grada \u2013 kazao je Radoji\u010di\u0107.<\/p>\n\n\n\n<p>Predsjednik Skup\u0161tine grada Banje Luke, Zoran Tali\u0107, rekao je da gradski parlament ide na redovnu ljetnju pauzu.<\/p>\n\n\n\n<p>Kolegijum bi trebalo da se sastane sredinom avgusta kako bismo utvrdili teme i dnevni red za 41. sjednicu, kao i ta\u010dan datum ove sjednice, \u010dija \u0107e centralna tema svakako biti rebalans gradskog bud\u017eeta. U novembru nas o\u010dekuju lokalni izbori i mi \u0107emo nastojati da u zadatim rokovima isp\u0161tujemo plan rada skup\u0161tine u ovom mandatu \u2013 zaklju\u010dio je Tali\u0107.<\/p>\n\n\n\n<p>Preuzeto sa: <a href=\"http:\/\/www.banjaluka.rs.ba\/%d1%83-%d0%bf%d1%80%d0%b8%d0%bf%d1%80%d0%b5%d0%bc%d0%b8-%d1%80%d0%b5%d0%b1%d0%b0%d0%bb%d0%b0%d0%bd%d1%81-%d0%b3%d1%80%d0%b0%d0%b4%d1%81%d0%ba%d0%be%d0%b3-%d0%b1%d1%83%d1%9f%d0%b5%d1%82%d0%b0\/\" target=\"_blank\" rel=\"noreferrer noopener\" aria-label=\"Grad Banja Luka (opens in a new tab)\">Grad Banja Luka<\/a><\/p>\n","protected":false},"excerpt":{"rendered":"<p>Idu\u0107e sjednica Skup\u0161tine grada bi\u0107e odr\u017eana krajem avgusta ili po\u010detkom septembra ove godine, odlu\u010deno je na dana\u0161njoj sjednici skup\u0161tinskog Kolegijuma.<\/p>\n","protected":false},"author":1,"featured_media":1920,"comment_status":"closed","ping_status":"open","sticky":false,"template":"","format":"standard","meta":{"om_disable_all_campaigns":false,"_monsterinsights_skip_tracking":false,"_monsterinsights_sitenote_active":false,"_monsterinsights_sitenote_note":"","_monsterinsights_sitenote_category":0,"footnotes":""},"categories":[2],"tags":[692,27,691],"class_list":["post-1918","post","type-post","status-publish","format-standard","has-post-thumbnail","hentry","category-vijesti","tag-budzet","tag-grad-banja-luka","tag-rebalans"],"jetpack_featured_media_url":"https:\/\/www.mladibl.com\/wp-content\/uploads\/2020\/07\/U-pripremi-rebalans-gradskog-bud\u017eeta.jpg","amp_enabled":true,"_links":{"self":[{"href":"https:\/\/www.mladibl.com\/index.php?rest_route=\/wp\/v2\/posts\/1918","targetHints":{"allow":["GET"]}}],"collection":[{"href":"https:\/\/www.mladibl.com\/index.php?rest_route=\/wp\/v2\/posts"}],"about":[{"href":"https:\/\/www.mladibl.com\/index.php?rest_route=\/wp\/v2\/types\/post"}],"author":[{"embeddable":true,"href":"https:\/\/www.mladibl.com\/index.php?rest_route=\/wp\/v2\/users\/1"}],"replies":[{"embeddable":true,"href":"https:\/\/www.mladibl.com\/index.php?rest_route=%2Fwp%2Fv2%2Fcomments&post=1918"}],"version-history":[{"count":1,"href":"https:\/\/www.mladibl.com\/index.php?rest_route=\/wp\/v2\/posts\/1918\/revisions"}],"predecessor-version":[{"id":1921,"href":"https:\/\/www.mladibl.com\/index.php?rest_route=\/wp\/v2\/posts\/1918\/revisions\/1921"}],"wp:featuredmedia":[{"embeddable":true,"href":"https:\/\/www.mladibl.com\/index.php?rest_route=\/wp\/v2\/media\/1920"}],"wp:attachment":[{"href":"https:\/\/www.mladibl.com\/index.php?rest_route=%2Fwp%2Fv2%2Fmedia&parent=1918"}],"wp:term":[{"taxonomy":"category","embeddable":true,"href":"https:\/\/www.mladibl.com\/index.php?rest_route=%2Fwp%2Fv2%2Fcategories&post=1918"},{"taxonomy":"post_tag","embeddable":true,"href":"https:\/\/www.mladibl.com\/index.php?rest_route=%2Fwp%2Fv2%2Ftags&post=1918"}],"curies":[{"name":"wp","href":"https:\/\/api.w.org\/{rel}","templated":true}]}}