{"id":19078,"date":"2022-03-29T19:40:26","date_gmt":"2022-03-29T17:40:26","guid":{"rendered":"https:\/\/www.mladibl.com\/?p=19078"},"modified":"2022-03-29T19:40:27","modified_gmt":"2022-03-29T17:40:27","slug":"javni-poziv-za-kreiranje-i-sprovodenje-online-kampanje","status":"publish","type":"post","link":"https:\/\/www.mladibl.com\/?p=19078","title":{"rendered":"Javni poziv za kreiranje i sprovo\u0111enje online kampanje"},"content":{"rendered":"\n<p>Savez udru\u017eenja za pomo\u0107 mentalno nedovoljno razvijenim licima Republike Srpske (MeNeRaLi), raspisuje Javni poziv za kreiranje i izvo\u0111enje online kampanje u cilju promocije zna\u010daja usluge STanovanja Uz Podr\u0161ku za lica s intelektualnim te\u0161ko\u0107ama.<\/p>\n\n\n\n<p>Detaljan opis poslova i zadataka mo\u017eete vidjeti na:<\/p>\n\n\n\n<p><strong><a href=\"https:\/\/menerali.info\/wp-content\/uploads\/2022\/03\/Izrada-i-izvodjenje-kampanje.pdf\" target=\"_blank\" rel=\"noreferrer noopener\">Izrada i izvodjenje kampanje<\/a><\/strong><\/p>\n\n\n\n<p>Preuzeto sa: <a href=\"https:\/\/menerali.info\/?p=2635\">menerali.info<\/a><\/p>\n","protected":false},"excerpt":{"rendered":"<p>Savez udru\u017eenja za pomo\u0107 mentalno nedovoljno razvijenim licima Republike Srpske (MeNeRaLi), raspisuje Javni poziv za kreiranje i izvo\u0111enje online kampanje<\/p>\n","protected":false},"author":1,"featured_media":19051,"comment_status":"closed","ping_status":"open","sticky":false,"template":"","format":"standard","meta":{"om_disable_all_campaigns":false,"_monsterinsights_skip_tracking":false,"_monsterinsights_sitenote_active":false,"_monsterinsights_sitenote_note":"","_monsterinsights_sitenote_category":0,"footnotes":""},"categories":[370],"tags":[218,1016,2140,424,1790],"class_list":["post-19078","post","type-post","status-publish","format-standard","has-post-thumbnail","hentry","category-ostalo","tag-javni-poziv","tag-kampanja","tag-kreiranje","tag-online","tag-sprovodenje"],"jetpack_featured_media_url":"https:\/\/www.mladibl.com\/wp-content\/uploads\/2022\/03\/Savez-udruzenja-za-pomoc-mentalno-nedovoljno-razvijenim-licima-Republike-Srpske-MeNeRaLi.jpg","amp_enabled":true,"_links":{"self":[{"href":"https:\/\/www.mladibl.com\/index.php?rest_route=\/wp\/v2\/posts\/19078","targetHints":{"allow":["GET"]}}],"collection":[{"href":"https:\/\/www.mladibl.com\/index.php?rest_route=\/wp\/v2\/posts"}],"about":[{"href":"https:\/\/www.mladibl.com\/index.php?rest_route=\/wp\/v2\/types\/post"}],"author":[{"embeddable":true,"href":"https:\/\/www.mladibl.com\/index.php?rest_route=\/wp\/v2\/users\/1"}],"replies":[{"embeddable":true,"href":"https:\/\/www.mladibl.com\/index.php?rest_route=%2Fwp%2Fv2%2Fcomments&post=19078"}],"version-history":[{"count":1,"href":"https:\/\/www.mladibl.com\/index.php?rest_route=\/wp\/v2\/posts\/19078\/revisions"}],"predecessor-version":[{"id":19079,"href":"https:\/\/www.mladibl.com\/index.php?rest_route=\/wp\/v2\/posts\/19078\/revisions\/19079"}],"wp:featuredmedia":[{"embeddable":true,"href":"https:\/\/www.mladibl.com\/index.php?rest_route=\/wp\/v2\/media\/19051"}],"wp:attachment":[{"href":"https:\/\/www.mladibl.com\/index.php?rest_route=%2Fwp%2Fv2%2Fmedia&parent=19078"}],"wp:term":[{"taxonomy":"category","embeddable":true,"href":"https:\/\/www.mladibl.com\/index.php?rest_route=%2Fwp%2Fv2%2Fcategories&post=19078"},{"taxonomy":"post_tag","embeddable":true,"href":"https:\/\/www.mladibl.com\/index.php?rest_route=%2Fwp%2Fv2%2Ftags&post=19078"}],"curies":[{"name":"wp","href":"https:\/\/api.w.org\/{rel}","templated":true}]}}