{"id":18577,"date":"2022-03-15T09:40:49","date_gmt":"2022-03-15T07:40:49","guid":{"rendered":"https:\/\/www.mladibl.com\/?p=18577"},"modified":"2022-03-15T09:40:50","modified_gmt":"2022-03-15T07:40:50","slug":"dis-teatar-ostvario-zapazene-rezultate-na-festivalu-kulisa-u-kragujevcu","status":"publish","type":"post","link":"https:\/\/www.mladibl.com\/?p=18577","title":{"rendered":"Dis teatar ostvario zapa\u017eene rezultate na Festivalu \u201eKulisa\u201c u Kragujevcu"},"content":{"rendered":"\n<p>Ekipa Dis teatra mladih ostvarila je zapa\u017eene rezultate na Sedmom festivalu amaterskog pozori\u0161ta \u201eKulisa\u201c, na kojem su Disovci osvojili impresivne i izuzetno zna\u010dajne nagrade.<\/p>\n\n\n\n<p>Tako je predstava Kanata\/ M\u2019r\u0161 u pozori\u0161te osvojila \u201eNagradu za najbolju predstavu u cjelini\u201c koju dodjeljuje \u017eiri sastavljen od u\u010desnika Festivala, dok je po ocjeni stru\u010dnog \u017eirija u kategoriji \u201enajbolje predstave u cjelini\u201c Dis odnio drugo mjesto.<\/p>\n\n\n\n<p>Mladi glumac Sr\u0111an \u0106iri\u0107 je za ulogu Marka u predstavi Kanata\/ M\u2019r\u0161 u pozori\u0161te osvojio nagradu \u201eDragomir Bojani\u0107 Gidra\u201c koju za gluma\u010dku bravuru dodjeljuje \u017eiri u\u010desnika Festivala.<\/p>\n\n\n\n<p>Ovom glumcu je od strane stru\u010dnog \u017eirija dodijeljena i \u201eSpecijalna nagrada za za mladala\u010dku sve\u017einu i ozbiljan pristup razvoju lika\u201c.<\/p>\n\n\n\n<p>Podsje\u0107amo, pod sloganom \u201eNe buljite tako romanti\u010dno!\u201c u Kragujevcu je u periodu od 10. do 13. odr\u017ean Sedmi festival amaterskih pozori\u0161ta \u201eKulisa\u201c, na kojem su predstavljena neka od najnovijih teatarskih ostvarenja amaterskih i akademskih pozori\u0161ta Srbije i regiona.<\/p>\n\n\n\n<p>U takmi\u010darskom dijelu programa na\u0161lo se \u0161est predstava, a jedan od u\u010desnika bio je i banjalu\u010dki Dis teatar mladih.<\/p>\n\n\n\n<p>Preuzeto sa: <a href=\"https:\/\/www.banjaluka.rs.ba\/dis-teatar-ostvario-zapazene-rezultate-na-festivalu-kulisa-u-kragujevcu\/\" target=\"_blank\" rel=\"noreferrer noopener\">Grad Banja Luka<\/a><\/p>\n","protected":false},"excerpt":{"rendered":"<p>Ekipa Dis teatra mladih ostvarila je zapa\u017eene rezultate na Sedmom festivalu amaterskog pozori\u0161ta \u201eKulisa\u201c, na kojem su Disovci osvojili impresivne<\/p>\n","protected":false},"author":1,"featured_media":18565,"comment_status":"closed","ping_status":"open","sticky":false,"template":"","format":"standard","meta":{"om_disable_all_campaigns":false,"_monsterinsights_skip_tracking":false,"_monsterinsights_sitenote_active":false,"_monsterinsights_sitenote_note":"","_monsterinsights_sitenote_category":0,"footnotes":""},"categories":[2],"tags":[6989,707,8242,8241],"class_list":["post-18577","post","type-post","status-publish","format-standard","has-post-thumbnail","hentry","category-vijesti","tag-dis-teatar","tag-festival","tag-kragujevac","tag-kulisa"],"jetpack_featured_media_url":"https:\/\/www.mladibl.com\/wp-content\/uploads\/2022\/03\/Dis-teatar-ostvario-zapazene-rezultate-na-Festivalu-\u201eKulisa-u-Kragujevcu.jpg","amp_enabled":true,"_links":{"self":[{"href":"https:\/\/www.mladibl.com\/index.php?rest_route=\/wp\/v2\/posts\/18577","targetHints":{"allow":["GET"]}}],"collection":[{"href":"https:\/\/www.mladibl.com\/index.php?rest_route=\/wp\/v2\/posts"}],"about":[{"href":"https:\/\/www.mladibl.com\/index.php?rest_route=\/wp\/v2\/types\/post"}],"author":[{"embeddable":true,"href":"https:\/\/www.mladibl.com\/index.php?rest_route=\/wp\/v2\/users\/1"}],"replies":[{"embeddable":true,"href":"https:\/\/www.mladibl.com\/index.php?rest_route=%2Fwp%2Fv2%2Fcomments&post=18577"}],"version-history":[{"count":1,"href":"https:\/\/www.mladibl.com\/index.php?rest_route=\/wp\/v2\/posts\/18577\/revisions"}],"predecessor-version":[{"id":18578,"href":"https:\/\/www.mladibl.com\/index.php?rest_route=\/wp\/v2\/posts\/18577\/revisions\/18578"}],"wp:featuredmedia":[{"embeddable":true,"href":"https:\/\/www.mladibl.com\/index.php?rest_route=\/wp\/v2\/media\/18565"}],"wp:attachment":[{"href":"https:\/\/www.mladibl.com\/index.php?rest_route=%2Fwp%2Fv2%2Fmedia&parent=18577"}],"wp:term":[{"taxonomy":"category","embeddable":true,"href":"https:\/\/www.mladibl.com\/index.php?rest_route=%2Fwp%2Fv2%2Fcategories&post=18577"},{"taxonomy":"post_tag","embeddable":true,"href":"https:\/\/www.mladibl.com\/index.php?rest_route=%2Fwp%2Fv2%2Ftags&post=18577"}],"curies":[{"name":"wp","href":"https:\/\/api.w.org\/{rel}","templated":true}]}}