{"id":18535,"date":"2022-03-13T23:49:40","date_gmt":"2022-03-13T21:49:40","guid":{"rendered":"https:\/\/www.mladibl.com\/?p=18535"},"modified":"2022-03-13T23:49:42","modified_gmt":"2022-03-13T21:49:42","slug":"ponedjeljak-u-banskom-dvoru-poeziju-ce-citati-svi","status":"publish","type":"post","link":"https:\/\/www.mladibl.com\/?p=18535","title":{"rendered":"Ponedjeljak u Banskom dvoru: Poeziju \u0107e \u010ditati svi"},"content":{"rendered":"\n<p>U Crvenom salonu Kulturnog centra Banski dvor u ponedjeljak, sa po\u010detkom u 19.00 \u010dasova, bi\u0107e odr\u017ean program \u201ePoeziju \u0107e svi \u010ditati\u201c.<\/p>\n\n\n\n<p>-Urednik ovog doga\u0111aja je publika koja ima priliku da izabere i pro\u010dita jednu pjesmu autora iz regiona. Ovakav koncept ve\u010deri poezije bez pjesnika, gdje je publici ostavljen izbor da \u010dita poeziju koju \u017eeli je jo\u0161 jedan od na\u010dina promocije i popularizacije stvarala\u0161tva doma\u0107ih autora. Pozivamo sve koji \u017eele da budu urednici ove ve\u010deri da nam se jave u inboks i po\u0161alju naziv pjesme i ime autora kojeg \u017eele da \u010ditaju kako se naslovi ne bi ponavljali i kako bismo \u010duli \u0161to vi\u0161e razli\u010ditih pjesama \u2013 navedeno je u saop\u0161tenju Banskog dvora.<\/p>\n\n\n\n<p>Ulaz na ovu manifestaciju je slobodan, doga\u0111aj organizuje Udru\u017eenje za promociju i popularizaciju knji\u017eevnosti \u201eImperativ\u201c u saradnji sa Banskim dvorom.<\/p>\n\n\n\n<p>Preuzeto sa: <a href=\"https:\/\/www.banjaluka.rs.ba\/ponedjeljak-u-banskom-dvoru-poezija\/\" target=\"_blank\" rel=\"noreferrer noopener\">Grad Banja Luka<\/a><\/p>\n","protected":false},"excerpt":{"rendered":"<p>U Crvenom salonu Kulturnog centra Banski dvor u ponedjeljak, sa po\u010detkom u 19.00 \u010dasova, bi\u0107e odr\u017ean program \u201ePoeziju \u0107e svi<\/p>\n","protected":false},"author":1,"featured_media":18529,"comment_status":"closed","ping_status":"open","sticky":false,"template":"","format":"standard","meta":{"om_disable_all_campaigns":false,"_monsterinsights_skip_tracking":false,"_monsterinsights_sitenote_active":false,"_monsterinsights_sitenote_note":"","_monsterinsights_sitenote_category":0,"footnotes":""},"categories":[2],"tags":[881,7041],"class_list":["post-18535","post","type-post","status-publish","format-standard","has-post-thumbnail","hentry","category-vijesti","tag-banski-dvor","tag-poeziju-ce-citati-svi"],"jetpack_featured_media_url":"https:\/\/www.mladibl.com\/wp-content\/uploads\/2022\/03\/Banski-dvor-Banja-Luka.jpeg","amp_enabled":true,"_links":{"self":[{"href":"https:\/\/www.mladibl.com\/index.php?rest_route=\/wp\/v2\/posts\/18535","targetHints":{"allow":["GET"]}}],"collection":[{"href":"https:\/\/www.mladibl.com\/index.php?rest_route=\/wp\/v2\/posts"}],"about":[{"href":"https:\/\/www.mladibl.com\/index.php?rest_route=\/wp\/v2\/types\/post"}],"author":[{"embeddable":true,"href":"https:\/\/www.mladibl.com\/index.php?rest_route=\/wp\/v2\/users\/1"}],"replies":[{"embeddable":true,"href":"https:\/\/www.mladibl.com\/index.php?rest_route=%2Fwp%2Fv2%2Fcomments&post=18535"}],"version-history":[{"count":1,"href":"https:\/\/www.mladibl.com\/index.php?rest_route=\/wp\/v2\/posts\/18535\/revisions"}],"predecessor-version":[{"id":18536,"href":"https:\/\/www.mladibl.com\/index.php?rest_route=\/wp\/v2\/posts\/18535\/revisions\/18536"}],"wp:featuredmedia":[{"embeddable":true,"href":"https:\/\/www.mladibl.com\/index.php?rest_route=\/wp\/v2\/media\/18529"}],"wp:attachment":[{"href":"https:\/\/www.mladibl.com\/index.php?rest_route=%2Fwp%2Fv2%2Fmedia&parent=18535"}],"wp:term":[{"taxonomy":"category","embeddable":true,"href":"https:\/\/www.mladibl.com\/index.php?rest_route=%2Fwp%2Fv2%2Fcategories&post=18535"},{"taxonomy":"post_tag","embeddable":true,"href":"https:\/\/www.mladibl.com\/index.php?rest_route=%2Fwp%2Fv2%2Ftags&post=18535"}],"curies":[{"name":"wp","href":"https:\/\/api.w.org\/{rel}","templated":true}]}}