{"id":1839,"date":"2020-06-23T13:55:43","date_gmt":"2020-06-23T11:55:43","guid":{"rendered":"http:\/\/www.mladibl.com\/?p=1839"},"modified":"2020-06-23T13:55:45","modified_gmt":"2020-06-23T11:55:45","slug":"objavljen-konkurs-za-obavljanje-studentske-prakse","status":"publish","type":"post","link":"https:\/\/www.mladibl.com\/?p=1839","title":{"rendered":"Objavljen konkurs za obavljanje studentske prakse"},"content":{"rendered":"\n<p>Nakon potpisanog protokola o obavljanju studentske prakse u Gradskoj upravi i gradskim ustanovama i preduze\u0107ima, Univerzitet u Banjoj Luci raspisao je konkurs za prijavu studenata za obavljanje prakse.<\/p>\n\n\n\n<p>Prema protokolu, 35 studenta Univerziteta u Banjoj Luci dobi\u0107e priliku da obave praksu u Gradskoj upravi i ustanovama i preduze\u0107ima pod nadle\u017eno\u0161\u0107u Grada (u Domu zdravlja, Gradskoj razvojnoj agenciji i Centru za razvoj poljoprivrede i sela).<\/p>\n\n\n\n<p>Na javni poziv se mogu prijaviti studenti zavr\u0161nih godina: Pravnog fakulteta, Arhitektonsko-gra\u0111evinsko-geodetskog fakulteta, Ekonomskog fakulteta, Elektrotehni\u010dkog, Medicinskog, Poljoprivrednog, Prirodno-matemati\u010dkog, Tehnolo\u0161kog, Fakulteta politi\u010dkih nauka i Filozofskog fakuleteta Univerziteta Banja Luka.<\/p>\n\n\n\n<p>Prijave je potrebno predati do 6. jula, a kompletan konkurs pogledajte <strong><a href=\"http:\/\/www.banjaluka.rs.ba\/wp-content\/uploads\/2020\/06\/Praksa-grada-2020..pdf\" target=\"_blank\" rel=\"noreferrer noopener\" aria-label=\"ovdje (opens in a new tab)\">ovdje<\/a><\/strong>.<\/p>\n\n\n\n<p>Preuzeto sa: <a href=\"http:\/\/www.banjaluka.rs.ba\/%d0%be%d0%b1%d1%98%d0%b0%d0%b2%d1%99%d0%b5%d0%bd-%d0%ba%d0%be%d0%bd%d0%ba%d1%83%d1%80%d1%81-%d0%b7%d0%b0-%d0%be%d0%b1%d0%b0%d0%b2%d1%99%d0%b0%d1%9a%d0%b5-%d1%81%d1%82%d1%83%d0%b4%d0%b5%d0%bd%d1%82-2\/\" target=\"_blank\" rel=\"noreferrer noopener\" aria-label=\"Grad Banja Luka (opens in a new tab)\">Grad Banja Luka<\/a><\/p>\n","protected":false},"excerpt":{"rendered":"<p>Nakon potpisanog protokola o obavljanju studentske prakse u Gradskoj upravi i gradskim ustanovama i preduze\u0107ima, Univerzitet u Banjoj Luci raspisao<\/p>\n","protected":false},"author":1,"featured_media":1840,"comment_status":"closed","ping_status":"open","sticky":false,"template":"","format":"standard","meta":{"om_disable_all_campaigns":false,"_monsterinsights_skip_tracking":false,"_monsterinsights_sitenote_active":false,"_monsterinsights_sitenote_note":"","_monsterinsights_sitenote_category":0,"footnotes":""},"categories":[13],"tags":[27,304],"class_list":["post-1839","post","type-post","status-publish","format-standard","has-post-thumbnail","hentry","category-studenti","tag-grad-banja-luka","tag-studentska-praksa"],"jetpack_featured_media_url":"https:\/\/www.mladibl.com\/wp-content\/uploads\/2020\/06\/Objavljen-konkurs-za-obavljanje-studentske-prakse.jpg","amp_enabled":true,"_links":{"self":[{"href":"https:\/\/www.mladibl.com\/index.php?rest_route=\/wp\/v2\/posts\/1839","targetHints":{"allow":["GET"]}}],"collection":[{"href":"https:\/\/www.mladibl.com\/index.php?rest_route=\/wp\/v2\/posts"}],"about":[{"href":"https:\/\/www.mladibl.com\/index.php?rest_route=\/wp\/v2\/types\/post"}],"author":[{"embeddable":true,"href":"https:\/\/www.mladibl.com\/index.php?rest_route=\/wp\/v2\/users\/1"}],"replies":[{"embeddable":true,"href":"https:\/\/www.mladibl.com\/index.php?rest_route=%2Fwp%2Fv2%2Fcomments&post=1839"}],"version-history":[{"count":1,"href":"https:\/\/www.mladibl.com\/index.php?rest_route=\/wp\/v2\/posts\/1839\/revisions"}],"predecessor-version":[{"id":1841,"href":"https:\/\/www.mladibl.com\/index.php?rest_route=\/wp\/v2\/posts\/1839\/revisions\/1841"}],"wp:featuredmedia":[{"embeddable":true,"href":"https:\/\/www.mladibl.com\/index.php?rest_route=\/wp\/v2\/media\/1840"}],"wp:attachment":[{"href":"https:\/\/www.mladibl.com\/index.php?rest_route=%2Fwp%2Fv2%2Fmedia&parent=1839"}],"wp:term":[{"taxonomy":"category","embeddable":true,"href":"https:\/\/www.mladibl.com\/index.php?rest_route=%2Fwp%2Fv2%2Fcategories&post=1839"},{"taxonomy":"post_tag","embeddable":true,"href":"https:\/\/www.mladibl.com\/index.php?rest_route=%2Fwp%2Fv2%2Ftags&post=1839"}],"curies":[{"name":"wp","href":"https:\/\/api.w.org\/{rel}","templated":true}]}}