{"id":18311,"date":"2022-03-07T09:09:22","date_gmt":"2022-03-07T07:09:22","guid":{"rendered":"https:\/\/www.mladibl.com\/?p=18311"},"modified":"2022-03-07T09:09:23","modified_gmt":"2022-03-07T07:09:23","slug":"poziv-na-radionice-i-predavanje-kako-stvaramo-bolju-buducnost","status":"publish","type":"post","link":"https:\/\/www.mladibl.com\/?p=18311","title":{"rendered":"Poziv na radionice i predavanje \u2013 Kako stvaramo bolju budu\u0107nost"},"content":{"rendered":"\n<p>Kako stvaramo bolju budu\u0107nost za ljude iz urbanih i ruralnih podru\u010dja<\/p>\n\n\n\n<p>Centar za ekonomski i ruralni razvoj (CERD) poziva nevladine organizacije, predstavnike javnog i privatnog sektora, pojedince i entuzijaste na radionice i predavanje Kako stvaramo bolju budu\u0107nost za ljude iz urbanih i ruralnih podru\u010dja, koje \u0107e voditi Uwe Burka i Rainer Kroll, priznati me\u0111unarodni eksperti iz oblasti ekolo\u0161kog, dru\u0161tveno-ekonomskog ruralnog i urbanog razvoja. Istaknuti stru\u010dnjaci Prof. dr Peter Schmuck sa Univerziteta Georg-August iz G\u00f6ttingen-a, Uwe Burka iz \u0160vajcarske i Rainer Kroll iz Njema\u010dke, koji su dugo godina aktivni u oblasti odr\u017eivog razvoja i provode koncept stvaranja ekolo\u0161kih zajednica u Evropi \u0107e podjeliti svoje vi\u0161egodi\u0161nje iskustvo i predstaviti mogu\u0107nosti odr\u017eivog razvoja ruralnih ali i urbanih zajednica.<\/p>\n\n\n\n<p>KLIKNITE ZA PRIJAVU<\/p>\n\n\n\n<p>Radionice i predavanje su namjenjeni svima onima koji \u0107e nadamo se u budu\u0107nosti biti pokreta\u010di pozitivnih promjena u svojim sredinama. U ovoj globalnoj situaciji koja se rapidno pogor\u0161ava, potrebni su aktivni ljudi koji \u017eele da razvijaju i realizuju odr\u017eive forme ekonomije, kulture i \u017eivota.<\/p>\n\n\n\n<p>Prof. Peter Schmuck odr\u017ea\u0107e predavanje o obnovljivim izvorima energije, energetskoj efikasnosti i o\u010duvanju \u017eivotne sredine sa naglaskom na ubla\u017eavanje klimatskih promjena prouzrokovanih prekomjernim emisijama CO2 i drugih polutanata. Prof. Schmuck \u0107e predstaviti svoja znanja i iskustva iz podru\u010dja energetske efikasnosti, koncepta stvaranja ekolo\u0161kih zajednica u Evropi i predstaviti mogu\u0107nosti odr\u017eivog razvoja zajednica.<\/p>\n\n\n\n<p>Uwe Burka i Rainer Kroll \u0107e govoriti o svojim prakti\u010dnim iskustvima sa zajednicama baziranim na solidarnosti, urbano-ruralnim ekonomskim zajednicama, ekolo\u0161ko-dru\u0161tvenim aspektima urbanog planiranja i razvoja, novim seoskim odr\u017eivim zajednicama, potrebi za novim kulturnim, dru\u0161tvenim, zdravstvenim i obrazovnim formama, saradnji sa farmama i \u0161kolama i novim humanijim finansijskim sistemima.<\/p>\n\n\n\n<p>Prisutni \u0107e tako\u0111e biti u prilici da se informi\u0161u o novim trendovima zelene ekonomije i konceptu socijalnog preduzetni\u0161tva koje predstavlja inovativan na\u010din rje\u0161avanja ekonomskih, ekolo\u0161kih i drugih problema putem udru\u017eivanja i kori\u0161\u0107enja odr\u017eivih poslovnih modela koji karakteri\u0161u podr\u0161ka i pomo\u0107 zajednici i koji su orijentisani prema \u010dovjeku.<\/p>\n\n\n\n<p>Posebna tema koja \u0107e se obraditi na predavanju u srijedu poslije podne se odnosi na novi trend u urbanom planiranju i izgradnji. Rainer Kroll \u0107e govoriti o svojim iskustvima u izgradnji odr\u017eivih urbanih naselja koji po\u0161tuju ekolo\u0161ke principe i koji su zasnovani na novom konceptu socijalnog stanovanja.<\/p>\n\n\n\n<p>U sesiji pitanja i diskusije vidjet \u0107emo ko \u017eeli prakti\u010dno da se uklju\u010di u stvaranje boljeg i humanijeg svijeta. Na radionicama \u0107e se zatim razgovarati o prakti\u010dnim osnovama za implementaciju ideja usmjerenih prema budu\u0107nosti.<\/p>\n\n\n\n<p>Radionice i predavanje \u0107e se odr\u017eati na organski sertifkovanom imanju \u201eDomestica\u201c u selu Krnete\/Aleksandrovac kod Lakta\u0161a i u Domu omladine u Banjoj Luci po sljede\u0107em rasporedu:<\/p>\n\n\n\n<p>Radionice:<\/p>\n\n\n\n<p>Utorak, 08. 03. 2022. godine, radionica na Domestica imanju od 12.00 \u010dasova.<br>Teme radionice: odr\u017eive zajednice u ruralnim sredinama, Eko sela i organizovanje eko sela kao novih modela funkcionisanja organizacije \u017eivota i rada, biodinami\u010dka poljoprivreda, samodovoljnost doma\u0107instva i zdrav na\u010din \u017eivota i gajenje zdrave hrane u harmoniji sa zakonima prirode.<\/p>\n\n\n\n<p>Srijeda, 09. 03. 2022. godine, radionica u Banjoj Luci, Dom omladine od 10.00 do 14.00 \u010dasova (Ru\u010dak obezbje\u0111en za oba dana)<br>Teme radionice: Zelena ekonomija i socijalno preduzetni\u0161tvo kao novi pristup rje\u0161avanja ekonomskih, ekolo\u0161kih i drugih problema putem udru\u017eivanja i kori\u0161\u0107enja odr\u017eivih poslovnih modela koji karakteri\u0161u podr\u0161ka i pomo\u0107 zajednici i koji su orijentisani prema \u010dovjeku, povezanost ruralnog i urbanog, kreiranje eko sela i odr\u017eivih zajednica, biodinami\u010dka poljoprivreda i gajenje zdrave hrane u harmoniji sa zakonima prirode.<\/p>\n\n\n\n<p>Predavanje:<\/p>\n\n\n\n<p>Ponedjeljak, 07. 03. 2022. godine, predavanje na Domestica imanju od 17.00 do 18.30.<br>Tema predavanja: Prof. Dr Peter Schmuck sa Univerziteta Georg-August iz G\u00f6ttingen-a \u0107e govoriti o o obnovljivim izvorima energije, energetskoj efikasnosti i o\u010duvanju \u017eivotne sredine sa naglaskom na ubla\u017eavanje klimatskih promjena prouzrokovanih prekomjernim emisijama CO2 i drugih polutanata. Prof. Schmuck \u0107e predstaviti svoja znanja i iskustva iz podru\u010dja energetske efikasnosti, koncepta stvaranja ekolo\u0161kih zajednica u Evropi i predstaviti mogu\u0107nosti odr\u017eivog razvoja zajednica.<\/p>\n\n\n\n<p>Srijeda, 09. 03. 2022. godine, predavanje u Banjoj Luci, Dom omladine od 18.00 do 20.00 \u010dasova<br>Teme predavanja: Povezanost ruralnog i urbanog, odr\u017eivo urbano plostorno planiranje i gra\u0111enje, eko i socijalno stanovanje<\/p>\n\n\n\n<p>Pozivamo sve zainteresovane da se prijave popunjavanjem obrasca koji se nalazi na sljede\u0107em linku: <strong><a href=\"https:\/\/bit.ly\/3shNyAa\" target=\"_blank\" rel=\"noreferrer noopener\">https:\/\/bit.ly\/3shNyAa<\/a><\/strong>.<\/p>\n\n\n\n<p>Ukratko o Domestici i CERD-u<\/p>\n\n\n\n<p>Domestica imanje je osnovano od strane CERD-a sa ciljem promocije ekolo\u0161kih principa, organske i biodinami\u010dke poljoprivredne proizvodnje i slu\u017ei kao edukativno-eksperimentalna farma koja u svom sastavu ima plasteni\u010dku proizvodnju, proizvodnju na otvorenom, u\u010dionicu na otvorenom, solarnu elektranu i sistem sa racionalnim kori\u0161tenjem resursa vode za navodnjavanje. Na imanju Domestica upozna\u0107emo se sa obnovljivim izvorima energije, organskom i biodinami\u010dkom poljoprivrednom proizvodnjom koju praktikujemo na na\u0161em imanju kao i sa idejom stvaranja ekolo\u0161kih sela u na\u0161em bli\u017eem i \u0161irem okru\u017eenju. Na Domestica imanju kreiramo odr\u017eivu zajednicu ljudi koji \u017eele da svojim zajedni\u010dkim radom i stvaranjem unaprijede dru\u0161tvo u kome \u017eivimo. Pozivamo sve ljubitelje prirode koji \u017eele da sami proizvode svoju hranu i da daju svoj doprinos u razvoju odr\u017eive zajednice, da nam se pridru\u017ee!<\/p>\n\n\n\n<p>CERD je organizacija civilnog dru\u0161tva sa dugogodi\u0161njim iskustvom u relizaciji projekta vezanih uz razvoj i promociju ruralnih krajeva Bosne i Hercegovine. U sklopu realizacije projekata CERD se rukovodi programima koji promovi\u0161u rodnu ravnopravnost i podr\u0161ku ranjivim dru\u0161tveno-socijalnim grupama. Centar za ekonomski i ruralni razvoj podsti\u010de odr\u017eivi razvoj i unapre\u0111enje kvaliteta \u017eivota u ruralnim sredinama na osnovu saradnje i partnerstva i kroz aktivnosti koje razvijaju poljoprivredu i druge vidove ruralne ekonomije, izgra\u0111uju dru\u0161tvene odnose i obezbje\u0111uju neophodne usluge seoskom stanovni\u0161tvu uz o\u010duvanje \u017eivotne sredine, prirodnih resursa i kulturno-istorijskog naslje\u0111a ruralne Bosne i Hercegovine.<\/p>\n\n\n\n<p>Preuzeto sa: catbih.ba<\/p>\n","protected":false},"excerpt":{"rendered":"<p>Kako stvaramo bolju budu\u0107nost za ljude iz urbanih i ruralnih podru\u010dja Centar za ekonomski i ruralni razvoj (CERD) poziva nevladine<\/p>\n","protected":false},"author":1,"featured_media":18302,"comment_status":"closed","ping_status":"open","sticky":false,"template":"","format":"standard","meta":{"om_disable_all_campaigns":false,"_monsterinsights_skip_tracking":false,"_monsterinsights_sitenote_active":false,"_monsterinsights_sitenote_note":"","_monsterinsights_sitenote_category":0,"footnotes":""},"categories":[6],"tags":[81,1987,902],"class_list":["post-18311","post","type-post","status-publish","format-standard","has-post-thumbnail","hentry","category-dogadjaji","tag-cerd","tag-predavanje","tag-radionice"],"jetpack_featured_media_url":"https:\/\/www.mladibl.com\/wp-content\/uploads\/2022\/03\/Poziv-na-radionice-i-predavanje-\u2013-Kako-stvaramo-bolju-buducnost.jpg","amp_enabled":true,"_links":{"self":[{"href":"https:\/\/www.mladibl.com\/index.php?rest_route=\/wp\/v2\/posts\/18311","targetHints":{"allow":["GET"]}}],"collection":[{"href":"https:\/\/www.mladibl.com\/index.php?rest_route=\/wp\/v2\/posts"}],"about":[{"href":"https:\/\/www.mladibl.com\/index.php?rest_route=\/wp\/v2\/types\/post"}],"author":[{"embeddable":true,"href":"https:\/\/www.mladibl.com\/index.php?rest_route=\/wp\/v2\/users\/1"}],"replies":[{"embeddable":true,"href":"https:\/\/www.mladibl.com\/index.php?rest_route=%2Fwp%2Fv2%2Fcomments&post=18311"}],"version-history":[{"count":1,"href":"https:\/\/www.mladibl.com\/index.php?rest_route=\/wp\/v2\/posts\/18311\/revisions"}],"predecessor-version":[{"id":18312,"href":"https:\/\/www.mladibl.com\/index.php?rest_route=\/wp\/v2\/posts\/18311\/revisions\/18312"}],"wp:featuredmedia":[{"embeddable":true,"href":"https:\/\/www.mladibl.com\/index.php?rest_route=\/wp\/v2\/media\/18302"}],"wp:attachment":[{"href":"https:\/\/www.mladibl.com\/index.php?rest_route=%2Fwp%2Fv2%2Fmedia&parent=18311"}],"wp:term":[{"taxonomy":"category","embeddable":true,"href":"https:\/\/www.mladibl.com\/index.php?rest_route=%2Fwp%2Fv2%2Fcategories&post=18311"},{"taxonomy":"post_tag","embeddable":true,"href":"https:\/\/www.mladibl.com\/index.php?rest_route=%2Fwp%2Fv2%2Ftags&post=18311"}],"curies":[{"name":"wp","href":"https:\/\/api.w.org\/{rel}","templated":true}]}}