{"id":18166,"date":"2022-03-02T11:34:29","date_gmt":"2022-03-02T09:34:29","guid":{"rendered":"https:\/\/www.mladibl.com\/?p=18166"},"modified":"2022-03-02T11:34:30","modified_gmt":"2022-03-02T09:34:30","slug":"poziv-za-sve-kreativce-iz-bosne-i-hercegovine-vratice-se-zdralovi","status":"publish","type":"post","link":"https:\/\/www.mladibl.com\/?p=18166","title":{"rendered":"Poziv za sve kreativce iz Bosne i Hercegovine: Vrati\u0107e se \u017edralovi!"},"content":{"rendered":"\n<p>Dragi na\u0161i kreativci,<\/p>\n\n\n\n<p>Otvaramo poziv za idejna rje\u0161enja u va\u0161em domenu kreativnog djelovanja (slikari, vajari, skulptori, kreatori nakita, pletilje\u2026), a koji se odnosi na kreiranje razli\u010ditih proizvoda sa motivom \u017edrala.<\/p>\n\n\n\n<p>Va\u017ena napomena da je da se u va\u0161im kreativnim rje\u0161enjima mo\u017ee koristiti samo motiv \u017edrala koji se nalazi na ovom <strong><a href=\"https:\/\/czzs.org\/wp-content\/uploads\/2022\/03\/Zdral.pdf\" target=\"_blank\" rel=\"noreferrer noopener\">LINKU<\/a><\/strong>, nijedan drugi ne\u0107e u\u0107i u razmatranje.<\/p>\n\n\n\n<p>Idejno rje\u0161enje mo\u017ee biti izra\u0111eno na razli\u010ditim materijalima (tekstil, vuna, staklo, metal, drvo, papir, keramika, hrana, sapuni itd.), a prednost dajemo materijalima koji su doma\u0107i, prirodni i odgovorno nabavljeni. Dodatnu prednost \u0107e imati kreativci iz kra\u0161kih polja BiH, posebno iz Livanjskog polja i okoline.<\/p>\n\n\n\n<p>Cilj je da kroz ovaj poziv promovi\u0161emo Livanjsko polje koje je najve\u0107e plavno kra\u0161ko polje na svijetu, a nekada je bilo specifi\u010dno i po tome \u0161to su se u njemu gnijezdili \u017edralovi. Uslijed negativnih aktivnosti \u010dovjeka u polju, \u201csun\u010deva ptica\u201d, kako je \u017edral nazvan u egipatskoj mitologiji, prestala je da se gnijezdi u ovom kraju.<\/p>\n\n\n\n<p>Zajedno sa vama, \u017eelimo da promovi\u0161emo bogatstvo Livanjskog polja, da doprinesemo njegovoj za\u0161titi i da vratimo \u017edralove!<\/p>\n\n\n\n<p>VA\u017dNI USLOVI POZIVA<\/p>\n\n\n\n<p>Va\u0161a kreativna rje\u0161enja\/ideje u digitalnoj formi po\u0161aljite nam najkasnije do 23:59h, 15. aprila, 2022. godine na e-mail adresu: milica.koncar@czzs.org ili na po\u0161tansku adresu: Centar za \u017eivotnu sredinu, Mi\u0161e Stupara 5, 78000 Banja Luka, sa naznakom \u201cPoziv za kreativce\u201d.<\/p>\n\n\n\n<p>Izabra\u0107emo najbolja tri rada koji \u0107e biti aplicirani na materijalu odabranom po izboru autora i otkupljeni u vi\u0161e primjeraka u nov\u010danom iznosu od:<\/p>\n\n\n\n<ol class=\"wp-block-list\"><li>Prva nagrada \u2013 600 KM<\/li><li>Druga nagrada \u2013 400 KM<\/li><li>Tre\u0107a nagrada \u2013 200 KM<\/li><\/ol>\n\n\n\n<p>Odabrani radovi bi\u0107e promovisani na dru\u0161tvenim mre\u017eama Centra za \u017eivotnu sredinu, kao i kroz konkretne aktivnosti koje se realizuju u vezi sa za\u0161titom Livanjskog polja.<\/p>\n\n\n\n<p>Za dodatne informacije, mo\u017eete pisati na mail: <strong><a href=\"mailto:milica.koncar@czzs.org\" target=\"_blank\" rel=\"noreferrer noopener\">milica.koncar@czzs.org<\/a><\/strong><\/p>\n\n\n\n<p>Radujemo se va\u0161im kreativnim idejama!<\/p>\n\n\n\n<p>Preuzeto sa: <a href=\"https:\/\/czzs.org\/poziv-za-sve-kreativce-iz-bosne-i-hercegovine\/\" target=\"_blank\" rel=\"noreferrer noopener\">Centar za \u017eivotnu sredinu<\/a><\/p>\n","protected":false},"excerpt":{"rendered":"<p>Dragi na\u0161i kreativci, Otvaramo poziv za idejna rje\u0161enja u va\u0161em domenu kreativnog djelovanja (slikari, vajari, skulptori, kreatori nakita, pletilje\u2026), a<\/p>\n","protected":false},"author":1,"featured_media":18154,"comment_status":"closed","ping_status":"open","sticky":false,"template":"","format":"standard","meta":{"om_disable_all_campaigns":false,"_monsterinsights_skip_tracking":false,"_monsterinsights_sitenote_active":false,"_monsterinsights_sitenote_note":"","_monsterinsights_sitenote_category":0,"footnotes":""},"categories":[370],"tags":[2265,355,8123],"class_list":["post-18166","post","type-post","status-publish","format-standard","has-post-thumbnail","hentry","category-ostalo","tag-kreativci","tag-poziv","tag-vratice-se-zdralovi"],"jetpack_featured_media_url":"https:\/\/www.mladibl.com\/wp-content\/uploads\/2022\/03\/Poziv-za-sve-kreativce-iz-Bosne-i-Hercegovine-Vratice-se-zdralovi.jpg","amp_enabled":true,"_links":{"self":[{"href":"https:\/\/www.mladibl.com\/index.php?rest_route=\/wp\/v2\/posts\/18166","targetHints":{"allow":["GET"]}}],"collection":[{"href":"https:\/\/www.mladibl.com\/index.php?rest_route=\/wp\/v2\/posts"}],"about":[{"href":"https:\/\/www.mladibl.com\/index.php?rest_route=\/wp\/v2\/types\/post"}],"author":[{"embeddable":true,"href":"https:\/\/www.mladibl.com\/index.php?rest_route=\/wp\/v2\/users\/1"}],"replies":[{"embeddable":true,"href":"https:\/\/www.mladibl.com\/index.php?rest_route=%2Fwp%2Fv2%2Fcomments&post=18166"}],"version-history":[{"count":1,"href":"https:\/\/www.mladibl.com\/index.php?rest_route=\/wp\/v2\/posts\/18166\/revisions"}],"predecessor-version":[{"id":18167,"href":"https:\/\/www.mladibl.com\/index.php?rest_route=\/wp\/v2\/posts\/18166\/revisions\/18167"}],"wp:featuredmedia":[{"embeddable":true,"href":"https:\/\/www.mladibl.com\/index.php?rest_route=\/wp\/v2\/media\/18154"}],"wp:attachment":[{"href":"https:\/\/www.mladibl.com\/index.php?rest_route=%2Fwp%2Fv2%2Fmedia&parent=18166"}],"wp:term":[{"taxonomy":"category","embeddable":true,"href":"https:\/\/www.mladibl.com\/index.php?rest_route=%2Fwp%2Fv2%2Fcategories&post=18166"},{"taxonomy":"post_tag","embeddable":true,"href":"https:\/\/www.mladibl.com\/index.php?rest_route=%2Fwp%2Fv2%2Ftags&post=18166"}],"curies":[{"name":"wp","href":"https:\/\/api.w.org\/{rel}","templated":true}]}}