{"id":18061,"date":"2022-02-28T00:35:14","date_gmt":"2022-02-27T22:35:14","guid":{"rendered":"https:\/\/www.mladibl.com\/?p=18061"},"modified":"2022-02-28T00:35:15","modified_gmt":"2022-02-27T22:35:15","slug":"trio-anima-iz-nisa-nastupice-u-banskom-dvoru","status":"publish","type":"post","link":"https:\/\/www.mladibl.com\/?p=18061","title":{"rendered":"Trio Anima iz Ni\u0161a nastupi\u0107e u Banskom dvoru"},"content":{"rendered":"\n<p>Koncert Trija Anima iz Ni\u0161a, bi\u0107e odr\u017ean 28. februara u Koncertnoj dvorani Banskog dvora u 20.00 \u010dasova, a gost na koncertu \u0107e biti Aleksandar Jakovljevi\u0107 (violon\u010delo).<\/p>\n\n\n\n<p>Trio Anima iz Ni\u0161a osnovan je 2003.godine i \u010dine ga Aleksandra Risti\u0107 (sopran) Ana Veli\u010dkovi\u0107 Igi\u0107 (flauta) i Ingrid Jankovi\u0107 (klavir). Ove tri muzi\u010dke umjetnice su profesorice na Fakultetu umetnosti u Ni\u0161u.<\/p>\n\n\n\n<p>\u2013 Za 19 godina, koliko trio postoji i (sa preko dvije stotine nastupa) veoma uspje\u0161no su predstavile svoj Fakultet, Univerzitet i Grad Ni\u0161, cjelove\u010dernjim koncertima na gotovo svim zna\u010dajnim scenama u Srbiji, Crnoj Gori, Republici Srpskoj , kao i \u0161irom Evrope \u2013 navedeno je u saop\u0161tenju Banskog dvora.<\/p>\n\n\n\n<p>Oni su podsjetili da je trio veliku \u010dast dobio pozivom za u\u010de\u0161\u0107e na svjetskom Festivalu muzike FIMU 2017. godine odr\u017eav\u0161i tom prilikom dva koncerta u francuskom gradu Belforu kao jedini predstavnik sa prostora Balkana u oblasti klasi\u010dne muzike.<\/p>\n\n\n\n<p>U saop\u0161tenju Banskog dvora se posebno isti\u010de da je ova grupa doprinijela promociji Ni\u0161a koncertom u okviru proslave 1700 godina od dono\u0161enja Milanskog edikta, kroz projekat \u201ePutevima Konstantina Velikog\u201c gdje su u Londonu i Jorku izvele svjetsku premijeru djela \u201cThe Tree of Glory\u201d Vere Stanojevi\u0107 (srpske kompozitorke koja \u017eivi i radi u SAD).<\/p>\n\n\n\n<p>Kako je saop\u0161teno nastavak ovog projekta, uslijedio je i u Ni\u0161u jo\u0161 dvema premijerama izvedenim povodom ovog velikog jubileja. U sali Ni\u0161kog simfonijskog orkestra izvedene su kompozicije ni\u0161kih autora Bojana Stankovi\u0107a \u201cTo\u010dak istorije\u201d i Miodraga Mladenovi\u0107a \u201cPred vratima ve\u010dnosti\u201d.<\/p>\n\n\n\n<p>Preuzeto sa: <a href=\"https:\/\/www.banjaluka.rs.ba\/trio-anima-iz-nisa-nastupice-u-banskom-dvoru\/\" target=\"_blank\" rel=\"noreferrer noopener\">Grad Banja Luka<\/a><\/p>\n","protected":false},"excerpt":{"rendered":"<p>Koncert Trija Anima iz Ni\u0161a, bi\u0107e odr\u017ean 28. februara u Koncertnoj dvorani Banskog dvora u 20.00 \u010dasova, a gost na<\/p>\n","protected":false},"author":1,"featured_media":18073,"comment_status":"closed","ping_status":"open","sticky":false,"template":"","format":"standard","meta":{"om_disable_all_campaigns":false,"_monsterinsights_skip_tracking":false,"_monsterinsights_sitenote_active":false,"_monsterinsights_sitenote_note":"","_monsterinsights_sitenote_category":0,"footnotes":""},"categories":[2],"tags":[881,3536,8090,8089],"class_list":["post-18061","post","type-post","status-publish","format-standard","has-post-thumbnail","hentry","category-vijesti","tag-banski-dvor","tag-koncert","tag-nis","tag-trio-anima"],"jetpack_featured_media_url":"https:\/\/www.mladibl.com\/wp-content\/uploads\/2022\/02\/Trio-Anima-iz-Nisa-nastupice-u-Banskom-dvoru.jpg","amp_enabled":true,"_links":{"self":[{"href":"https:\/\/www.mladibl.com\/index.php?rest_route=\/wp\/v2\/posts\/18061","targetHints":{"allow":["GET"]}}],"collection":[{"href":"https:\/\/www.mladibl.com\/index.php?rest_route=\/wp\/v2\/posts"}],"about":[{"href":"https:\/\/www.mladibl.com\/index.php?rest_route=\/wp\/v2\/types\/post"}],"author":[{"embeddable":true,"href":"https:\/\/www.mladibl.com\/index.php?rest_route=\/wp\/v2\/users\/1"}],"replies":[{"embeddable":true,"href":"https:\/\/www.mladibl.com\/index.php?rest_route=%2Fwp%2Fv2%2Fcomments&post=18061"}],"version-history":[{"count":1,"href":"https:\/\/www.mladibl.com\/index.php?rest_route=\/wp\/v2\/posts\/18061\/revisions"}],"predecessor-version":[{"id":18074,"href":"https:\/\/www.mladibl.com\/index.php?rest_route=\/wp\/v2\/posts\/18061\/revisions\/18074"}],"wp:featuredmedia":[{"embeddable":true,"href":"https:\/\/www.mladibl.com\/index.php?rest_route=\/wp\/v2\/media\/18073"}],"wp:attachment":[{"href":"https:\/\/www.mladibl.com\/index.php?rest_route=%2Fwp%2Fv2%2Fmedia&parent=18061"}],"wp:term":[{"taxonomy":"category","embeddable":true,"href":"https:\/\/www.mladibl.com\/index.php?rest_route=%2Fwp%2Fv2%2Fcategories&post=18061"},{"taxonomy":"post_tag","embeddable":true,"href":"https:\/\/www.mladibl.com\/index.php?rest_route=%2Fwp%2Fv2%2Ftags&post=18061"}],"curies":[{"name":"wp","href":"https:\/\/api.w.org\/{rel}","templated":true}]}}