{"id":18019,"date":"2022-02-26T09:31:03","date_gmt":"2022-02-26T07:31:03","guid":{"rendered":"https:\/\/www.mladibl.com\/?p=18019"},"modified":"2022-02-26T09:31:04","modified_gmt":"2022-02-26T07:31:04","slug":"gradonacelnik-porucio-mladima-svako-od-nas-moze-biti-heroj-ulice","status":"publish","type":"post","link":"https:\/\/www.mladibl.com\/?p=18019","title":{"rendered":"Gradona\u010delnik poru\u010dio mladima: Svako od nas mo\u017ee biti heroj ulice"},"content":{"rendered":"\n<p>U prisustvu velikog broja mladih ljudi, gradona\u010delnik Dra\u0161ko Stanivukovi\u0107 bio je gost prvog podkasta u\u017eivo, koji je odr\u017ean u Domu omladine.<\/p>\n\n\n\n<p>U podkastu \u201eMladi i gradona\u010delnik\u201c, mladi su imali priliku da osim politike razgovaraju sa gradona\u010delnikom i o drugim temama poput savladavanja treme na javnom nastupu, vizijama, polo\u017eaju mladih, ali i da \u010duju odgovore na ne\u0161to li\u010dnija pitanja.<\/p>\n\n\n\n<p>\u2013 Zna\u010dajno je da sam kao mlad \u010dovjek i mladi politi\u010dar do\u0161ao ovdje da razgovaram sa mladim ljudima o temama va\u017enim za na\u0161e dru\u0161tvo \u2013 rekao je gradona\u010delnik, dodav\u0161i da bi mladi trebalo da budu aktivnije uklju\u010deni u sve procese i da poka\u017eu pomalo i svoj bunt.<\/p>\n\n\n\n<p>Kako je istakao \u2013 i sam je krenuo u politiku i u borbu za promjene \u201esa ulice\u201c, te je poru\u010dio da \u010dvrsto vjeruje da, iako ne mo\u017eemo u potpunosti promijeniti svijet, svako od nas mo\u017ee biti \u201eheroj ulice\u201c i dati svoj doprinos da dru\u0161tvo mijenjamo na bolje.<\/p>\n\n\n\n<p>Stanivukovi\u0107 je rekao da ga posebno raduje \u0161to je Dom omladine postao pravi dragstor za mlade, te da ve\u010dera\u0161nje dru\u017eenje to potvr\u0111uje. On je dodao da je tokom dru\u017eenja razgovarao sa mladima o razli\u010ditim temama, te da je dopustio da ga mladi pitaju \u0161ta god \u017eele, kao i da je na sva pitanja odgovarao iskreno i bez cenzure.<\/p>\n\n\n\n<p>\u2013 Osje\u0107ao sam i veliku odgovornost ve\u010deras, i nadam se da sam uspio da mladim ljudima prenesem poruku koja \u0107e ih usmjeriti na pravi put i prenijeti im prave vrijednosti \u2013 zaklju\u010dio je gradona\u010delnik Banje Luke.<\/p>\n\n\n\n<p>Jedan od voditelja podkasta je \u0110or\u0111e Bo\u017ei\u0107, u\u010denik 4. razreda Gimnazije koji je rekao da u prvom zvani\u010dnom podkastu sa gradona\u010delnikom nisu razgovarali samo o politici, nego da je razgovarano o psihologiji, umjetnosti, obrazovanju i drugim zna\u010dajnim temama o kojima mladi \u010desto nemaju priliku govoriti, dodav\u0161i da je ovo dobar na\u010din da mladi podignu svoj glas.<\/p>\n\n\n\n<p>-Raduje me \u0161to je gradona\u010delnik Stanivukovi\u0107 bio na\u0161 prvi gost, jer je on neko ko je potencirao borbu za mlade ljude i smatram da je on neko s kim zaista mo\u017eemo razmijeniti mi\u0161ljenja i iskustva o mnogim va\u017enim pitanjima -rekla je Isidora Sekuli\u0107, koja je zajedno sa jo\u0161 nekoliko mladih ljudi vodila podkast u Domu omladine, dodav\u0161i da \u0107e ona i njeni prijatelji nastaviti da razvijaju podkast u na\u0161em gradu, kako bi dali do znanja da mladi ljudi itekako mogu imati dobre planove i rje\u0161enja za brojne pojave u dru\u0161tvu.<\/p>\n\n\n\n<p>Osim \u0161to je podkast i\u0161ao u\u017eivo pred publikom, emitovan je i na dru\u0161tvenim mre\u017eama Doma omladine.<\/p>\n\n\n\n<p>U prate\u0107em zabavnom programu nastupili su DJ Woodie i bend \u201eFju\u017ena pruga\u201c.<\/p>\n\n\n\n<p>U toku cjelove\u010dernjeg programa izvu\u010dene su i vrijedne nagrade, poput ulaznica za bazen, besplatnih parking karata, karata za pozori\u0161te i drugih vrijednih nagrada.<\/p>\n\n\n\n<p>Preuzeto sa: <a href=\"https:\/\/www.banjaluka.rs.ba\/gradonacelnik-porucio-mladima-svako-od-nas-moze-biti-heroj-ulice\/\" target=\"_blank\" rel=\"noreferrer noopener\">Grad Banja Luka<\/a><\/p>\n","protected":false},"excerpt":{"rendered":"<p>U prisustvu velikog broja mladih ljudi, gradona\u010delnik Dra\u0161ko Stanivukovi\u0107 bio je gost prvog podkasta u\u017eivo, koji je odr\u017ean u Domu<\/p>\n","protected":false},"author":1,"featured_media":18020,"comment_status":"closed","ping_status":"open","sticky":false,"template":"","format":"standard","meta":{"om_disable_all_campaigns":false,"_monsterinsights_skip_tracking":false,"_monsterinsights_sitenote_active":false,"_monsterinsights_sitenote_note":"","_monsterinsights_sitenote_category":0,"footnotes":""},"categories":[2],"tags":[53,1146,33,4412],"class_list":["post-18019","post","type-post","status-publish","format-standard","has-post-thumbnail","hentry","category-vijesti","tag-banja-luka","tag-gradonacelnik","tag-mladi","tag-podcast"],"jetpack_featured_media_url":"https:\/\/www.mladibl.com\/wp-content\/uploads\/2022\/02\/Gradonacelnik-porucio-mladima-Svako-od-nas-moze-biti-heroj-ulice.jpg","amp_enabled":true,"_links":{"self":[{"href":"https:\/\/www.mladibl.com\/index.php?rest_route=\/wp\/v2\/posts\/18019","targetHints":{"allow":["GET"]}}],"collection":[{"href":"https:\/\/www.mladibl.com\/index.php?rest_route=\/wp\/v2\/posts"}],"about":[{"href":"https:\/\/www.mladibl.com\/index.php?rest_route=\/wp\/v2\/types\/post"}],"author":[{"embeddable":true,"href":"https:\/\/www.mladibl.com\/index.php?rest_route=\/wp\/v2\/users\/1"}],"replies":[{"embeddable":true,"href":"https:\/\/www.mladibl.com\/index.php?rest_route=%2Fwp%2Fv2%2Fcomments&post=18019"}],"version-history":[{"count":1,"href":"https:\/\/www.mladibl.com\/index.php?rest_route=\/wp\/v2\/posts\/18019\/revisions"}],"predecessor-version":[{"id":18021,"href":"https:\/\/www.mladibl.com\/index.php?rest_route=\/wp\/v2\/posts\/18019\/revisions\/18021"}],"wp:featuredmedia":[{"embeddable":true,"href":"https:\/\/www.mladibl.com\/index.php?rest_route=\/wp\/v2\/media\/18020"}],"wp:attachment":[{"href":"https:\/\/www.mladibl.com\/index.php?rest_route=%2Fwp%2Fv2%2Fmedia&parent=18019"}],"wp:term":[{"taxonomy":"category","embeddable":true,"href":"https:\/\/www.mladibl.com\/index.php?rest_route=%2Fwp%2Fv2%2Fcategories&post=18019"},{"taxonomy":"post_tag","embeddable":true,"href":"https:\/\/www.mladibl.com\/index.php?rest_route=%2Fwp%2Fv2%2Ftags&post=18019"}],"curies":[{"name":"wp","href":"https:\/\/api.w.org\/{rel}","templated":true}]}}