{"id":17919,"date":"2022-02-23T00:45:27","date_gmt":"2022-02-22T22:45:27","guid":{"rendered":"https:\/\/www.mladibl.com\/?p=17919"},"modified":"2022-02-23T00:45:28","modified_gmt":"2022-02-22T22:45:28","slug":"banski-dvor-promocija-romana-okretiste-knjizevnika-damira-karakasa","status":"publish","type":"post","link":"https:\/\/www.mladibl.com\/?p=17919","title":{"rendered":"Banski dvor: Promocija romana \u201eOkreti\u0161te\u201c knji\u017eevnika Damira Karaka\u0161a"},"content":{"rendered":"\n<p>Promocija romana \u201eOkreti\u0161te\u201c knji\u017eevnika Damira Karaka\u0161a bi\u0107e odr\u017eana u \u010detvrtak 24. februara u 19.00 \u010dasova u Vije\u0107nici Banskog dvora.<\/p>\n\n\n\n<p>-\u201eOkreti\u0161te\u201c je bolno dirljiva knjiga u kojoj se autor suo\u010dava s traumom poslije napada koji ga je gotovo stajao \u017eivota. Bez spektakla i senzacionalizma, s brutalnim \u010dinom u nagovje\u0161tajima, jer knji\u017eevnost je za Karaka\u0161a oduvijek bila jezik, a ne puko opisivanje doga\u0111aja. Ovaj roman prikazuje osje\u0107aj nemo\u0107i, ranjivosti, paranoje i gnjeva \u2013 navedeno je u saop\u0161tenju.<\/p>\n\n\n\n<p>Kako navode, rije\u010d je o dosad najintimnijem Karaka\u0161evom djelu koje se bavi pronala\u017eenjem mehanizama za vra\u0107anje povjerenja u ljude uprkos te\u0161koj psihofizi\u010dkoj traumi.<\/p>\n\n\n\n<p>-Okreti\u0161te\u201c, remek-djelo pisca poznatog po sa\u017eetom izrazu, predstavlja njegovu knji\u017eevnu \u201eborbu na \u017eivot i smrt\u201c \u2013 dodaju organizatori.<\/p>\n\n\n\n<p>Ovaj doga\u0111aj organizuje Udru\u017eenje za promociju i popularizaciju knji\u017eevnosti \u201eImperativ\u201c u saradnji sa Kulturnim centrom Banski dvor.<\/p>\n\n\n\n<p>Preuzeto sa: <a href=\"https:\/\/www.banjaluka.rs.ba\/banski-dvor-promocija-romana-okretiste-knjizevnika-damira-karakasa\/\" target=\"_blank\" rel=\"noreferrer noopener\">Grad Banja Luka<\/a><\/p>\n","protected":false},"excerpt":{"rendered":"<p>Promocija romana \u201eOkreti\u0161te\u201c knji\u017eevnika Damira Karaka\u0161a bi\u0107e odr\u017eana u \u010detvrtak 24. februara u 19.00 \u010dasova u Vije\u0107nici Banskog dvora. -\u201eOkreti\u0161te\u201c<\/p>\n","protected":false},"author":1,"featured_media":17911,"comment_status":"closed","ping_status":"open","sticky":false,"template":"","format":"standard","meta":{"om_disable_all_campaigns":false,"_monsterinsights_skip_tracking":false,"_monsterinsights_sitenote_active":false,"_monsterinsights_sitenote_note":"","_monsterinsights_sitenote_category":0,"footnotes":""},"categories":[2],"tags":[881,8051,8050,450,8049],"class_list":["post-17919","post","type-post","status-publish","format-standard","has-post-thumbnail","hentry","category-vijesti","tag-banski-dvor","tag-damir-karakas","tag-okretiste","tag-promocija","tag-roman"],"jetpack_featured_media_url":"https:\/\/www.mladibl.com\/wp-content\/uploads\/2022\/02\/Banski-dvor-Promocija-romana-\u201eOkretiste-knjizevnika-Damira-Karakasa.jpg","amp_enabled":true,"_links":{"self":[{"href":"https:\/\/www.mladibl.com\/index.php?rest_route=\/wp\/v2\/posts\/17919","targetHints":{"allow":["GET"]}}],"collection":[{"href":"https:\/\/www.mladibl.com\/index.php?rest_route=\/wp\/v2\/posts"}],"about":[{"href":"https:\/\/www.mladibl.com\/index.php?rest_route=\/wp\/v2\/types\/post"}],"author":[{"embeddable":true,"href":"https:\/\/www.mladibl.com\/index.php?rest_route=\/wp\/v2\/users\/1"}],"replies":[{"embeddable":true,"href":"https:\/\/www.mladibl.com\/index.php?rest_route=%2Fwp%2Fv2%2Fcomments&post=17919"}],"version-history":[{"count":1,"href":"https:\/\/www.mladibl.com\/index.php?rest_route=\/wp\/v2\/posts\/17919\/revisions"}],"predecessor-version":[{"id":17920,"href":"https:\/\/www.mladibl.com\/index.php?rest_route=\/wp\/v2\/posts\/17919\/revisions\/17920"}],"wp:featuredmedia":[{"embeddable":true,"href":"https:\/\/www.mladibl.com\/index.php?rest_route=\/wp\/v2\/media\/17911"}],"wp:attachment":[{"href":"https:\/\/www.mladibl.com\/index.php?rest_route=%2Fwp%2Fv2%2Fmedia&parent=17919"}],"wp:term":[{"taxonomy":"category","embeddable":true,"href":"https:\/\/www.mladibl.com\/index.php?rest_route=%2Fwp%2Fv2%2Fcategories&post=17919"},{"taxonomy":"post_tag","embeddable":true,"href":"https:\/\/www.mladibl.com\/index.php?rest_route=%2Fwp%2Fv2%2Ftags&post=17919"}],"curies":[{"name":"wp","href":"https:\/\/api.w.org\/{rel}","templated":true}]}}