{"id":1789,"date":"2020-06-12T15:41:03","date_gmt":"2020-06-12T13:41:03","guid":{"rendered":"http:\/\/www.mladibl.com\/?p=1789"},"modified":"2020-06-12T15:42:06","modified_gmt":"2020-06-12T13:42:06","slug":"od-ponedjeljka-vise-polazaka-u-javnom-prevozu","status":"publish","type":"post","link":"https:\/\/www.mladibl.com\/?p=1789","title":{"rendered":"Od ponedjeljka vi\u0161e polazaka u javnom prevozu"},"content":{"rendered":"\n<p>Od ponedjeljka, 15. juna, bi\u0107e pove\u0107an broj polazaka u javnom gradskom i prigradskom prevozu.<\/p>\n\n\n\n<p>Imaju\u0107i u vidu da se privredna i ostala djelatnost na podru\u010dju grada postepeno vra\u0107a u funkciju, te nakon analize stanja na terenu i sugestija gra\u0111ana, od ponedjeljka pove\u0107a\u0107emo broj polazaka autobusa \u2013 pojasnili su iz Odjeljenja za saobra\u0107aj i puteve.<\/p>\n\n\n\n<p>Od 25. maja, javni prevoz putnika funkcioni\u0161e sa redukovanim ljetnim re\u017eimom redova vo\u017enje, u okviru kojeg se na dnevnom nivou obavi oko 800 polazaka u gradskom prevozu i 200 polazaka u prigradskom prevozu.<\/p>\n\n\n\n<p>Od ponedjeljka, gra\u0111ani \u0107e mo\u0107i koristiti jo\u0161 90 polazaka u gradskom prevozu i 20 polazaka u prigradskom prevozu \u2013 istakli su iz odjeljenja.<\/p>\n\n\n\n<p>Odjeljenje za saobra\u0107aj i puteve \u0107e i dalje pratiti situaciju, te shodno prevoznim potrebama, postepeno i pove\u0107avati broj polazaka.<\/p>\n\n\n\n<p>Redovi vo\u017enje su postavljeni u autobuse i na sajt Grada, a dodatne informacije se mogu dobiti i u Odjeljenju za saobra\u0107aj i puteve na telefon 051-244-444 lokal 481.<\/p>\n\n\n\n<p>Red vo\u017enje koji \u0107e se primjenjivati od 15. juna mo\u017eete pogledati <strong><a href=\"http:\/\/www.banjaluka.rs.ba\/wp-content\/uploads\/2020\/06\/Javni-prevoz-polasci-od-15.06..pdf\" target=\"_blank\" rel=\"noreferrer noopener\" aria-label=\"ovdje (opens in a new tab)\">ovdje<\/a><\/strong>.<\/p>\n\n\n\n<p>Preuzeto sa: <a href=\"http:\/\/www.banjaluka.rs.ba\/%d0%be%d0%b4-%d0%bf%d0%be%d0%bd%d0%b5%d0%b4%d1%98%d0%b5%d1%99%d0%ba%d0%b0-%d0%b2%d0%b8%d1%88%d0%b5-%d0%bf%d0%be%d0%bb%d0%b0%d0%b7%d0%b0%d0%ba%d0%b0-%d1%83-%d1%98%d0%b0%d0%b2%d0%bd%d0%be%d0%bc-%d0%bf\/\" target=\"_blank\" rel=\"noreferrer noopener\" aria-label=\"Grad Banja Luka (opens in a new tab)\">Grad Banja Luka<\/a><\/p>\n","protected":false},"excerpt":{"rendered":"<p>Od ponedjeljka, 15. juna, bi\u0107e pove\u0107an broj polazaka u javnom gradskom i prigradskom prevozu. Imaju\u0107i u vidu da se privredna<\/p>\n","protected":false},"author":1,"featured_media":1790,"comment_status":"closed","ping_status":"open","sticky":false,"template":"","format":"standard","meta":{"om_disable_all_campaigns":false,"_monsterinsights_skip_tracking":false,"_monsterinsights_sitenote_active":false,"_monsterinsights_sitenote_note":"","_monsterinsights_sitenote_category":0,"footnotes":""},"categories":[2],"tags":[53,785],"class_list":["post-1789","post","type-post","status-publish","format-standard","has-post-thumbnail","hentry","category-vijesti","tag-banja-luka","tag-javni-prevoz"],"jetpack_featured_media_url":"https:\/\/www.mladibl.com\/wp-content\/uploads\/2020\/06\/Od-ponedjeljka-vi\u0161e-polazaka-u-javnom-prevozu.jpg","amp_enabled":true,"_links":{"self":[{"href":"https:\/\/www.mladibl.com\/index.php?rest_route=\/wp\/v2\/posts\/1789","targetHints":{"allow":["GET"]}}],"collection":[{"href":"https:\/\/www.mladibl.com\/index.php?rest_route=\/wp\/v2\/posts"}],"about":[{"href":"https:\/\/www.mladibl.com\/index.php?rest_route=\/wp\/v2\/types\/post"}],"author":[{"embeddable":true,"href":"https:\/\/www.mladibl.com\/index.php?rest_route=\/wp\/v2\/users\/1"}],"replies":[{"embeddable":true,"href":"https:\/\/www.mladibl.com\/index.php?rest_route=%2Fwp%2Fv2%2Fcomments&post=1789"}],"version-history":[{"count":2,"href":"https:\/\/www.mladibl.com\/index.php?rest_route=\/wp\/v2\/posts\/1789\/revisions"}],"predecessor-version":[{"id":1792,"href":"https:\/\/www.mladibl.com\/index.php?rest_route=\/wp\/v2\/posts\/1789\/revisions\/1792"}],"wp:featuredmedia":[{"embeddable":true,"href":"https:\/\/www.mladibl.com\/index.php?rest_route=\/wp\/v2\/media\/1790"}],"wp:attachment":[{"href":"https:\/\/www.mladibl.com\/index.php?rest_route=%2Fwp%2Fv2%2Fmedia&parent=1789"}],"wp:term":[{"taxonomy":"category","embeddable":true,"href":"https:\/\/www.mladibl.com\/index.php?rest_route=%2Fwp%2Fv2%2Fcategories&post=1789"},{"taxonomy":"post_tag","embeddable":true,"href":"https:\/\/www.mladibl.com\/index.php?rest_route=%2Fwp%2Fv2%2Ftags&post=1789"}],"curies":[{"name":"wp","href":"https:\/\/api.w.org\/{rel}","templated":true}]}}