{"id":1786,"date":"2020-06-12T15:38:42","date_gmt":"2020-06-12T13:38:42","guid":{"rendered":"http:\/\/www.mladibl.com\/?p=1786"},"modified":"2020-06-12T15:38:44","modified_gmt":"2020-06-12T13:38:44","slug":"kocicev-zbor-od-24-do-30-avgusta","status":"publish","type":"post","link":"https:\/\/www.mladibl.com\/?p=1786","title":{"rendered":"\u201eKo\u010di\u0107ev zbor\u201c od 24. do 30. avgusta"},"content":{"rendered":"\n<p>Najdugovje\u010dnija kulturna manifestacija u Banjoj Luci \u2013 \u201eKo\u010di\u0107ev zbor\u201c, 55-tu godinu zaredom, bi\u0107e odr\u017ean u tradicionalnom terminu, u periodu od 24. do 30. avgusta ove godine, odlu\u010deno je na konstitutivnoj sjednici Organizacionog odbora ovog kulturno \u2013 umjetni\u010dkog doga\u0111aja.<\/p>\n\n\n\n<p>Prema na\u010delnom programu, koji je danas usvojen na sjednici Odbora, manifestacija \u0107e biti otvorena 24. avgusta, prezentacijom projekta \u201ePark pri\u010da i pri\u010danja\u201c. U okviru ovog projekta, na lokaciji ispred Narodne i univerzitetske biblioteke RS bi\u0107e organizovano \u010ditanje kratkih pri\u010da, uklju\u010duju\u0107i i konzole na otvorenom na kojim \u0107e biti od\u0161tampane neke od Ko\u010di\u0107evih pripovjetki.<\/p>\n\n\n\n<p>U okviru manifestacije, pored ve\u0107 ustaljenih doga\u0111aja, poput sve\u010dane akademije i knji\u017eevnih ve\u010deri (besjede, predstavljanje mladih pisaca, satira i drama), bi\u0107e prire\u0111ene i zanimljive izlo\u017ebe poput one pod nazivom \u201eKo\u010di\u0107 i njegova porodica u fotografijama\u201c, u okviru koje \u0107e biti izlo\u017eeno 30 starih fotografija, izlo\u017eenih u parku nazvanom po na\u0161em velikom piscu.<\/p>\n\n\n\n<p>Neki od planiranih doga\u0111aja su:<\/p>\n\n\n\n<ul class=\"wp-block-list\"><li>Otvaranje tre\u0107e ure\u0111ene ku\u0107e na Ko\u010di\u0107evom ognji\u0161tu u Stri\u010di\u0107ima;<\/li><li>\u201eKo\u010di\u0107ev zbor\u201c u Stri\u010di\u0107ima;<\/li><li>Festival zmijanjske pjesme;<\/li><li>Takmi\u010denje u narodnim vje\u0161tinama;<\/li><li>Borba bikova za nagradu \u201eJablan\u201c;<\/li><li>D\u017eipijada.<\/li><\/ul>\n\n\n\n<p>U okviru priprema za organizaciju ove manifestacije, Grad Banja Luka \u0107e u narednim danima raspisati javni poziv za dodjelu \u201eKo\u010di\u0107eve nagrade\u201c za 2020. godinu, i to za cjelokupnio djelo pisano na srpskom jeziku iz oblasti knji\u017eevnosti, lingvistike i knji\u017eevne kritike.<\/p>\n\n\n\n<p>Preuzeto sa: <a href=\"http:\/\/www.banjaluka.rs.ba\/%d0%ba%d0%be%d1%87%d0%b8%d1%9b%d0%b5%d0%b2-%d0%b7%d0%b1%d0%be%d1%80-%d0%be%d0%b4-24-%d0%b4%d0%be-30-%d0%b0%d0%b2%d0%b3%d1%83%d1%81%d1%82%d0%b0\/\" target=\"_blank\" rel=\"noreferrer noopener\" aria-label=\"Grad Banja Luka (opens in a new tab)\">Grad Banja Luka<\/a><\/p>\n","protected":false},"excerpt":{"rendered":"<p>Najdugovje\u010dnija kulturna manifestacija u Banjoj Luci \u2013 \u201eKo\u010di\u0107ev zbor\u201c, 55-tu godinu zaredom, bi\u0107e odr\u017ean u tradicionalnom terminu, u periodu od<\/p>\n","protected":false},"author":1,"featured_media":1787,"comment_status":"closed","ping_status":"open","sticky":false,"template":"","format":"standard","meta":{"om_disable_all_campaigns":false,"_monsterinsights_skip_tracking":false,"_monsterinsights_sitenote_active":false,"_monsterinsights_sitenote_note":"","_monsterinsights_sitenote_category":0,"footnotes":""},"categories":[2],"tags":[53,784],"class_list":["post-1786","post","type-post","status-publish","format-standard","has-post-thumbnail","hentry","category-vijesti","tag-banja-luka","tag-kocicev-zbor"],"jetpack_featured_media_url":"https:\/\/www.mladibl.com\/wp-content\/uploads\/2020\/06\/\u201eKo\u010di\u0107ev-zbor\u201c-od-24.-do-30.-avgusta.jpg","amp_enabled":true,"_links":{"self":[{"href":"https:\/\/www.mladibl.com\/index.php?rest_route=\/wp\/v2\/posts\/1786","targetHints":{"allow":["GET"]}}],"collection":[{"href":"https:\/\/www.mladibl.com\/index.php?rest_route=\/wp\/v2\/posts"}],"about":[{"href":"https:\/\/www.mladibl.com\/index.php?rest_route=\/wp\/v2\/types\/post"}],"author":[{"embeddable":true,"href":"https:\/\/www.mladibl.com\/index.php?rest_route=\/wp\/v2\/users\/1"}],"replies":[{"embeddable":true,"href":"https:\/\/www.mladibl.com\/index.php?rest_route=%2Fwp%2Fv2%2Fcomments&post=1786"}],"version-history":[{"count":1,"href":"https:\/\/www.mladibl.com\/index.php?rest_route=\/wp\/v2\/posts\/1786\/revisions"}],"predecessor-version":[{"id":1788,"href":"https:\/\/www.mladibl.com\/index.php?rest_route=\/wp\/v2\/posts\/1786\/revisions\/1788"}],"wp:featuredmedia":[{"embeddable":true,"href":"https:\/\/www.mladibl.com\/index.php?rest_route=\/wp\/v2\/media\/1787"}],"wp:attachment":[{"href":"https:\/\/www.mladibl.com\/index.php?rest_route=%2Fwp%2Fv2%2Fmedia&parent=1786"}],"wp:term":[{"taxonomy":"category","embeddable":true,"href":"https:\/\/www.mladibl.com\/index.php?rest_route=%2Fwp%2Fv2%2Fcategories&post=1786"},{"taxonomy":"post_tag","embeddable":true,"href":"https:\/\/www.mladibl.com\/index.php?rest_route=%2Fwp%2Fv2%2Ftags&post=1786"}],"curies":[{"name":"wp","href":"https:\/\/api.w.org\/{rel}","templated":true}]}}