{"id":17530,"date":"2022-02-11T09:59:12","date_gmt":"2022-02-11T07:59:12","guid":{"rendered":"https:\/\/www.mladibl.com\/?p=17530"},"modified":"2022-02-11T09:59:14","modified_gmt":"2022-02-11T07:59:14","slug":"kocicev-vijenac-novi-sadrzaji-za-rekreaciju-i-djecije-igraliste","status":"publish","type":"post","link":"https:\/\/www.mladibl.com\/?p=17530","title":{"rendered":"Ko\u010di\u0107ev vijenac: Novi sadr\u017eaji za rekreaciju i dje\u010dije igrali\u0161te"},"content":{"rendered":"\n<p>Mje\u0161tani Ko\u010di\u0107evog vijenca dobi\u0107e tokom godine nove sportsko-rekreativne sadr\u017eaje, a najmla\u0111i novo mjesto za igru.<\/p>\n\n\n\n<p>Tako \u0107e jedna teretana na otvorenom biti postavljena kod \u0161ahovskog igrali\u0161ta odnosno u neposrednoj blizini stadiona FK BSK, \u0161to \u0107e koristiti kako sportistima tako i rekreativcima.<\/p>\n\n\n\n<p>Najmla\u0111i stanovnici Ko\u010di\u0107evog vijenca dobi\u0107e novo dje\u010dije igrali\u0161te, uz koje \u0107e biti postavljena druga teretana planirana za ovo naselje.<\/p>\n\n\n\n<p>Tako\u0111e, iz bud\u017eeta Grada izdvojena su sredstva za sanaciju hola, predulaza i svla\u010dionica u Osnovnoj \u0161koli \u201eJovan Cviji\u0107\u201c, kao i prostora za produ\u017eeni boravak.<\/p>\n\n\n\n<p>Preuzeto sa: <a href=\"https:\/\/www.banjaluka.rs.ba\/kocicev-vijenac-novi-sadrzaji-za-rekreaciju-i-novo-djecije-igraliste\/\" target=\"_blank\" rel=\"noreferrer noopener\">Grad Banja Luka<\/a><\/p>\n","protected":false},"excerpt":{"rendered":"<p>Mje\u0161tani Ko\u010di\u0107evog vijenca dobi\u0107e tokom godine nove sportsko-rekreativne sadr\u017eaje, a najmla\u0111i novo mjesto za igru. Tako \u0107e jedna teretana na<\/p>\n","protected":false},"author":1,"featured_media":17521,"comment_status":"closed","ping_status":"open","sticky":false,"template":"","format":"standard","meta":{"om_disable_all_campaigns":false,"_monsterinsights_skip_tracking":false,"_monsterinsights_sitenote_active":false,"_monsterinsights_sitenote_note":"","_monsterinsights_sitenote_category":0,"footnotes":""},"categories":[2],"tags":[1049,7933,925,7934],"class_list":["post-17530","post","type-post","status-publish","format-standard","has-post-thumbnail","hentry","category-vijesti","tag-djecije-igraliste","tag-kocicev-vijenac-2","tag-rekreacija","tag-teretana"],"jetpack_featured_media_url":"https:\/\/www.mladibl.com\/wp-content\/uploads\/2022\/02\/Kocicev-vijenac-Novi-sadrzaji-za-rekreaciju-i-djecije-igraliste.jpg","amp_enabled":true,"_links":{"self":[{"href":"https:\/\/www.mladibl.com\/index.php?rest_route=\/wp\/v2\/posts\/17530","targetHints":{"allow":["GET"]}}],"collection":[{"href":"https:\/\/www.mladibl.com\/index.php?rest_route=\/wp\/v2\/posts"}],"about":[{"href":"https:\/\/www.mladibl.com\/index.php?rest_route=\/wp\/v2\/types\/post"}],"author":[{"embeddable":true,"href":"https:\/\/www.mladibl.com\/index.php?rest_route=\/wp\/v2\/users\/1"}],"replies":[{"embeddable":true,"href":"https:\/\/www.mladibl.com\/index.php?rest_route=%2Fwp%2Fv2%2Fcomments&post=17530"}],"version-history":[{"count":1,"href":"https:\/\/www.mladibl.com\/index.php?rest_route=\/wp\/v2\/posts\/17530\/revisions"}],"predecessor-version":[{"id":17531,"href":"https:\/\/www.mladibl.com\/index.php?rest_route=\/wp\/v2\/posts\/17530\/revisions\/17531"}],"wp:featuredmedia":[{"embeddable":true,"href":"https:\/\/www.mladibl.com\/index.php?rest_route=\/wp\/v2\/media\/17521"}],"wp:attachment":[{"href":"https:\/\/www.mladibl.com\/index.php?rest_route=%2Fwp%2Fv2%2Fmedia&parent=17530"}],"wp:term":[{"taxonomy":"category","embeddable":true,"href":"https:\/\/www.mladibl.com\/index.php?rest_route=%2Fwp%2Fv2%2Fcategories&post=17530"},{"taxonomy":"post_tag","embeddable":true,"href":"https:\/\/www.mladibl.com\/index.php?rest_route=%2Fwp%2Fv2%2Ftags&post=17530"}],"curies":[{"name":"wp","href":"https:\/\/api.w.org\/{rel}","templated":true}]}}