{"id":17526,"date":"2022-02-11T09:56:37","date_gmt":"2022-02-11T07:56:37","guid":{"rendered":"https:\/\/www.mladibl.com\/?p=17526"},"modified":"2022-02-11T09:56:39","modified_gmt":"2022-02-11T07:56:39","slug":"banja-luka-dobila-centar-za-porodicu","status":"publish","type":"post","link":"https:\/\/www.mladibl.com\/?p=17526","title":{"rendered":"Banja Luka dobila Centar za porodicu"},"content":{"rendered":"\n<p>Banja Luka je dobila Centar za porodicu, u kojem \u0107e se odvijati razli\u010diti programi podr\u0161ke porodici.<\/p>\n\n\n\n<p>Rije\u010d je o izdvojenoj jedinici Centra za socijalni rad, u kojoj \u0107e svi sugra\u0111ani imati priliku da dobiju podr\u0161ku, razli\u010dite savjete i korisne informacije koji se ti\u010du njihovih porodica.<\/p>\n\n\n\n<p>Otvaranju Centra prisustvovali su gradona\u010delnik Dra\u0161ko Stanivukovi\u0107 i predsjednik Skup\u0161tine Grada Mladen Ili\u0107.<\/p>\n\n\n\n<p>Gradona\u010delnik je \u010destitao rukovodstvu JU Centra za socijalni rad na otvaranju Centra za porodicu, rekav\u0161i da je ovo od izuzetnog zna\u010daja za sve na\u0161e sugra\u0111ane i Banju Luku.<\/p>\n\n\n\n<p>-Izuzetno je zna\u010dajno \u0161to \u0107e Banjalu\u010dani, ukoliko se njihova porodica na\u0111e u izazovu koji ne mo\u017ee samostalno prevazi\u0107i, imati mjesto na kojem \u0107e se mo\u0107i obratiti za savjet i podr\u0161ku \u2013 poru\u010dio je gradona\u010delnik.<\/p>\n\n\n\n<p>On je istakao da \u0107e Grad podr\u017eati aktivnosti Centra za porodicu, jer je i opredjeljenje gradske administracije usmjereno ka podr\u0161ci porodicama, napomenuv\u0161i da je Grad u proteklom periodu donio niz mjera, koje rastere\u0107uju ku\u0107ni bud\u017eet, ali i smanjuju pritisak na Centar za socijalni rad.<\/p>\n\n\n\n<p>-Kada podr\u017eite porodilje, to je podr\u0161ka porodici, kada obezbijedite besplatne ud\u017ebenike, sufinansirate vrti\u0107 \u2013 to je podr\u0161ka porodici, kada subevncioni\u0161ete karte za javni prevoz penzionerima ili djeci iz vi\u0161e\u010dlanih porodica, to je vid podr\u0161ke porodici, a sve ove mjere na neki na\u010din dopunjavaju i rastere\u0107uju ku\u0107ni bud\u017eet na\u0161ih porodica, a ujedno smanjuju pritisak na Centar za socijalni rad \u2013 rekao je Stanivukovi\u0107.<\/p>\n\n\n\n<p>On je dodao da \u0107e biti nastavljena saradnja, ali i rad na sistemskom rje\u0161avanju problema, pojasniv\u0161i da je to jedini na\u010din za uspjeh cijelog dru\u0161tva.<\/p>\n\n\n\n<p>-Samo adekvatnim politikama i sistemskim pristupom svih nivoa vlasti mogu se o\u010dekivati dobri rezultati. Potrebno je da radimo sinhronizovano i da budemo uklju\u010deni svi \u2013 zaklju\u010dio je gradona\u010delnik Banje Luke.<\/p>\n\n\n\n<p>Predsjednik Skup\u0161tine grada Banje Luke Mladen Ili\u0107 istakao je da je otvaranje Centra za porodicu veoma va\u017eno jer se kroz ovakav projekat zapravo unapre\u0111uje rad Centra za socijalni rad, a njihove usluge se podi\u017eu na vi\u0161i nivo.<\/p>\n\n\n\n<p>Ili\u0107 je istakao da Grad Banja Luka redovno podr\u017eava aktivnosti Centra za socijalni rad i u tom pogledu su politike usagla\u0161ene, jer je rije\u010d o radu koji je zna\u010dajan za Banju Luku, te da podr\u0161ka ne\u0107e izostati ni u narednom periodu, kao i da \u0107e Grad Banja Luka ovoj zna\u010dajnoj instituciji biti vjetar u le\u0111a.<\/p>\n\n\n\n<p>Direktorica Centra za socijalni rad Irena Jold\u017ei\u0107 rekla je da je zamisao da Centar za porodicu radi kao izdvojena jedinica koja \u0107e upravo kroz savjetovanje raditi na rje\u0161avanju i prevenciji problema u porodici, ali i biti na usluzi sugra\u0111anima i da ih uputi gdje i kako mogu ostvariti neka svoja prava i rije\u0161iti odre\u0111ene probleme.<\/p>\n\n\n\n<p>Preuzeto sa: <a href=\"https:\/\/www.banjaluka.rs.ba\/banja-luka-dobila-centar-za-porodicu\/\" target=\"_blank\" rel=\"noreferrer noopener\">Grad Banja Luka<\/a><\/p>\n","protected":false},"excerpt":{"rendered":"<p>Banja Luka je dobila Centar za porodicu, u kojem \u0107e se odvijati razli\u010diti programi podr\u0161ke porodici. Rije\u010d je o izdvojenoj<\/p>\n","protected":false},"author":1,"featured_media":17523,"comment_status":"closed","ping_status":"open","sticky":false,"template":"","format":"standard","meta":{"om_disable_all_campaigns":false,"_monsterinsights_skip_tracking":false,"_monsterinsights_sitenote_active":false,"_monsterinsights_sitenote_note":"","_monsterinsights_sitenote_category":0,"footnotes":""},"categories":[2],"tags":[53,7929],"class_list":["post-17526","post","type-post","status-publish","format-standard","has-post-thumbnail","hentry","category-vijesti","tag-banja-luka","tag-centar-za-porodicu"],"jetpack_featured_media_url":"https:\/\/www.mladibl.com\/wp-content\/uploads\/2022\/02\/Banja-Luka-dobila-Centar-za-porodicu.jpg","amp_enabled":true,"_links":{"self":[{"href":"https:\/\/www.mladibl.com\/index.php?rest_route=\/wp\/v2\/posts\/17526","targetHints":{"allow":["GET"]}}],"collection":[{"href":"https:\/\/www.mladibl.com\/index.php?rest_route=\/wp\/v2\/posts"}],"about":[{"href":"https:\/\/www.mladibl.com\/index.php?rest_route=\/wp\/v2\/types\/post"}],"author":[{"embeddable":true,"href":"https:\/\/www.mladibl.com\/index.php?rest_route=\/wp\/v2\/users\/1"}],"replies":[{"embeddable":true,"href":"https:\/\/www.mladibl.com\/index.php?rest_route=%2Fwp%2Fv2%2Fcomments&post=17526"}],"version-history":[{"count":1,"href":"https:\/\/www.mladibl.com\/index.php?rest_route=\/wp\/v2\/posts\/17526\/revisions"}],"predecessor-version":[{"id":17527,"href":"https:\/\/www.mladibl.com\/index.php?rest_route=\/wp\/v2\/posts\/17526\/revisions\/17527"}],"wp:featuredmedia":[{"embeddable":true,"href":"https:\/\/www.mladibl.com\/index.php?rest_route=\/wp\/v2\/media\/17523"}],"wp:attachment":[{"href":"https:\/\/www.mladibl.com\/index.php?rest_route=%2Fwp%2Fv2%2Fmedia&parent=17526"}],"wp:term":[{"taxonomy":"category","embeddable":true,"href":"https:\/\/www.mladibl.com\/index.php?rest_route=%2Fwp%2Fv2%2Fcategories&post=17526"},{"taxonomy":"post_tag","embeddable":true,"href":"https:\/\/www.mladibl.com\/index.php?rest_route=%2Fwp%2Fv2%2Ftags&post=17526"}],"curies":[{"name":"wp","href":"https:\/\/api.w.org\/{rel}","templated":true}]}}