{"id":17368,"date":"2022-02-08T10:24:42","date_gmt":"2022-02-08T08:24:42","guid":{"rendered":"https:\/\/www.mladibl.com\/?p=17368"},"modified":"2022-02-08T10:24:44","modified_gmt":"2022-02-08T08:24:44","slug":"solisticki-koncert-vlado-podany-grand-piano","status":"publish","type":"post","link":"https:\/\/www.mladibl.com\/?p=17368","title":{"rendered":"Solisti\u010dki koncert &#8220;VLADO PODANY &#8211; GRAND PIANO&#8221;"},"content":{"rendered":"\n<p>Dis- Pozori\u0161te mladih i Dom omladine Banja Luka sa ponosom vas pozivaju na solisti\u010dki koncert<br>&#8220;VLADO PODANY &#8211; GRAND PIANO&#8221;<\/p>\n\n\n\n<p>U\u017eivajte u bezvremenskim kompozicijama.<\/p>\n\n\n\n<p>petak, 11. februar 2022.godine u 20 \u010dasova u Pozori\u0161noj sali Doma omladine (Dis-teatar)<\/p>\n\n\n\n<p>Va\u0161e besplatne ulaznice mo\u017eete podi\u0107i u Domu omladine od 9 do 15 \u010dasova.<\/p>\n\n\n\n<p>Projekat \u201eOd zvuka do scene\u201c sufinansiran je sredstvima Grada Banja Luka<\/p>\n\n\n\n<figure class=\"wp-block-image size-full\"><img loading=\"lazy\" decoding=\"async\" width=\"800\" height=\"1000\" src=\"http:\/\/www.mladibl.com\/wp-content\/uploads\/2022\/02\/solisticki-koncert-Vlado-Podany.jpg\" alt=\"\" class=\"wp-image-17362\" srcset=\"https:\/\/www.mladibl.com\/wp-content\/uploads\/2022\/02\/solisticki-koncert-Vlado-Podany.jpg 800w, https:\/\/www.mladibl.com\/wp-content\/uploads\/2022\/02\/solisticki-koncert-Vlado-Podany-240x300.jpg 240w, https:\/\/www.mladibl.com\/wp-content\/uploads\/2022\/02\/solisticki-koncert-Vlado-Podany-768x960.jpg 768w\" sizes=\"auto, (max-width: 800px) 100vw, 800px\" \/><\/figure>\n\n\n\n<p>Preuzeto sa: <a href=\"https:\/\/www.instagram.com\/p\/CZsHDcJLF_V\/\" target=\"_blank\" rel=\"noreferrer noopener\">Instagram @dis_teatar<\/a><\/p>\n","protected":false},"excerpt":{"rendered":"<p>Dis- Pozori\u0161te mladih i Dom omladine Banja Luka sa ponosom vas pozivaju na solisti\u010dki koncert&#8220;VLADO PODANY &#8211; GRAND PIANO&#8221; U\u017eivajte<\/p>\n","protected":false},"author":1,"featured_media":17361,"comment_status":"closed","ping_status":"open","sticky":false,"template":"","format":"standard","meta":{"om_disable_all_campaigns":false,"_monsterinsights_skip_tracking":false,"_monsterinsights_sitenote_active":false,"_monsterinsights_sitenote_note":"","_monsterinsights_sitenote_category":0,"footnotes":""},"categories":[6],"tags":[53,6989,21,7893,7891,7892],"class_list":["post-17368","post","type-post","status-publish","format-standard","has-post-thumbnail","hentry","category-dogadjaji","tag-banja-luka","tag-dis-teatar","tag-dom-omladine","tag-grand-piano","tag-solisticki-koncert","tag-vlado-podany"],"jetpack_featured_media_url":"https:\/\/www.mladibl.com\/wp-content\/uploads\/2022\/02\/solisticki-koncert-Vlado-Podany-2.jpg","amp_enabled":true,"_links":{"self":[{"href":"https:\/\/www.mladibl.com\/index.php?rest_route=\/wp\/v2\/posts\/17368","targetHints":{"allow":["GET"]}}],"collection":[{"href":"https:\/\/www.mladibl.com\/index.php?rest_route=\/wp\/v2\/posts"}],"about":[{"href":"https:\/\/www.mladibl.com\/index.php?rest_route=\/wp\/v2\/types\/post"}],"author":[{"embeddable":true,"href":"https:\/\/www.mladibl.com\/index.php?rest_route=\/wp\/v2\/users\/1"}],"replies":[{"embeddable":true,"href":"https:\/\/www.mladibl.com\/index.php?rest_route=%2Fwp%2Fv2%2Fcomments&post=17368"}],"version-history":[{"count":1,"href":"https:\/\/www.mladibl.com\/index.php?rest_route=\/wp\/v2\/posts\/17368\/revisions"}],"predecessor-version":[{"id":17369,"href":"https:\/\/www.mladibl.com\/index.php?rest_route=\/wp\/v2\/posts\/17368\/revisions\/17369"}],"wp:featuredmedia":[{"embeddable":true,"href":"https:\/\/www.mladibl.com\/index.php?rest_route=\/wp\/v2\/media\/17361"}],"wp:attachment":[{"href":"https:\/\/www.mladibl.com\/index.php?rest_route=%2Fwp%2Fv2%2Fmedia&parent=17368"}],"wp:term":[{"taxonomy":"category","embeddable":true,"href":"https:\/\/www.mladibl.com\/index.php?rest_route=%2Fwp%2Fv2%2Fcategories&post=17368"},{"taxonomy":"post_tag","embeddable":true,"href":"https:\/\/www.mladibl.com\/index.php?rest_route=%2Fwp%2Fv2%2Ftags&post=17368"}],"curies":[{"name":"wp","href":"https:\/\/api.w.org\/{rel}","templated":true}]}}