{"id":16852,"date":"2022-01-27T03:45:41","date_gmt":"2022-01-27T01:45:41","guid":{"rendered":"https:\/\/www.mladibl.com\/?p=16852"},"modified":"2022-01-27T03:45:42","modified_gmt":"2022-01-27T01:45:42","slug":"za-sadrzajniji-program-u-domu-omladine-grad-sufinansira-pet-projekata-za-mlade","status":"publish","type":"post","link":"https:\/\/www.mladibl.com\/?p=16852","title":{"rendered":"Za sadr\u017eajniji program u Domu omladine: Grad sufinansira pet projekata za mlade"},"content":{"rendered":"\n<p>Kako bi ponudili mladim \u0161to bogatiji sadr\u017eaj u Domu omladine, Grad \u0107e sufinansirati pet projekata ukupne vrijednosti 56.000 KM, koji \u0107e biti realizovani u ovom novoure\u0111enom prostoru.<\/p>\n\n\n\n<p>-Ovi projekti omladinskih organizacija, organizacija za mlade i udru\u017eenja gra\u0111ana traja\u0107e du\u017ei vremenski period kako bi se \u0161to vi\u0161e obogatio sadr\u017eaj Doma omladine i mladima ponudio program, kojim \u0107e svoje slobodno vrijeme ispuniti na \u0161to interesantniji na\u010din \u2013 naveli su iz Odjeljenja za dru\u0161tvene djelatnosti.<\/p>\n\n\n\n<p>Projekti su odabrani putem javnog poziva, koji je okon\u010dan krajem pro\u0161le godine i na koji je pristiglo 12 projekata.<\/p>\n\n\n\n<p>Podr\u017eani projekti su u skladu sa ciljem pobolj\u0161anja kvaliteta slobodnog vremena mladih i participacije u dru\u0161tvu, a \u0161to je predvi\u0111eno Omladinskom politikom Grada Banja Luka za period 2018-2022.<\/p>\n\n\n\n<p>Sa izabranim omladinskim organizacijama, organizacijama za mlade i udru\u017eenjima gra\u0111ana, koji \u0107e realizovati projekte bi\u0107e zaklju\u010deni ugovori.<\/p>\n\n\n\n<p>Listu podr\u017eanih projekata pogledajte u nastavku:<\/p>\n\n\n\n<p><strong><a href=\"https:\/\/www.banjaluka.rs.ba\/wp-content\/uploads\/2022\/01\/Tabelarni-pregled-rezultata-JP-DOM-OMLADINE-2021.pdf\" target=\"_blank\" rel=\"noreferrer noopener\">Rezultati javnog poziva<\/a><\/strong><\/p>\n\n\n\n<p>Preuzeto sa: <a href=\"https:\/\/www.banjaluka.rs.ba\/grad-sufinansira-pet-projekata-za-mlade\/\" target=\"_blank\" rel=\"noreferrer noopener\">Grad Banja Luka<\/a><\/p>\n","protected":false},"excerpt":{"rendered":"<p>Kako bi ponudili mladim \u0161to bogatiji sadr\u017eaj u Domu omladine, Grad \u0107e sufinansirati pet projekata ukupne vrijednosti 56.000 KM, koji<\/p>\n","protected":false},"author":1,"featured_media":16853,"comment_status":"closed","ping_status":"open","sticky":false,"template":"","format":"standard","meta":{"om_disable_all_campaigns":false,"_monsterinsights_skip_tracking":false,"_monsterinsights_sitenote_active":false,"_monsterinsights_sitenote_note":"","_monsterinsights_sitenote_category":0,"footnotes":""},"categories":[2],"tags":[21,33,1102,38],"class_list":["post-16852","post","type-post","status-publish","format-standard","has-post-thumbnail","hentry","category-vijesti","tag-dom-omladine","tag-mladi","tag-program","tag-projekti"],"jetpack_featured_media_url":"https:\/\/www.mladibl.com\/wp-content\/uploads\/2022\/01\/Za-sadrzajniji-program-u-Domu-omladine-Grad-sufinansira-pet-projekata-za-mlade.jpg","amp_enabled":true,"_links":{"self":[{"href":"https:\/\/www.mladibl.com\/index.php?rest_route=\/wp\/v2\/posts\/16852","targetHints":{"allow":["GET"]}}],"collection":[{"href":"https:\/\/www.mladibl.com\/index.php?rest_route=\/wp\/v2\/posts"}],"about":[{"href":"https:\/\/www.mladibl.com\/index.php?rest_route=\/wp\/v2\/types\/post"}],"author":[{"embeddable":true,"href":"https:\/\/www.mladibl.com\/index.php?rest_route=\/wp\/v2\/users\/1"}],"replies":[{"embeddable":true,"href":"https:\/\/www.mladibl.com\/index.php?rest_route=%2Fwp%2Fv2%2Fcomments&post=16852"}],"version-history":[{"count":1,"href":"https:\/\/www.mladibl.com\/index.php?rest_route=\/wp\/v2\/posts\/16852\/revisions"}],"predecessor-version":[{"id":16854,"href":"https:\/\/www.mladibl.com\/index.php?rest_route=\/wp\/v2\/posts\/16852\/revisions\/16854"}],"wp:featuredmedia":[{"embeddable":true,"href":"https:\/\/www.mladibl.com\/index.php?rest_route=\/wp\/v2\/media\/16853"}],"wp:attachment":[{"href":"https:\/\/www.mladibl.com\/index.php?rest_route=%2Fwp%2Fv2%2Fmedia&parent=16852"}],"wp:term":[{"taxonomy":"category","embeddable":true,"href":"https:\/\/www.mladibl.com\/index.php?rest_route=%2Fwp%2Fv2%2Fcategories&post=16852"},{"taxonomy":"post_tag","embeddable":true,"href":"https:\/\/www.mladibl.com\/index.php?rest_route=%2Fwp%2Fv2%2Ftags&post=16852"}],"curies":[{"name":"wp","href":"https:\/\/api.w.org\/{rel}","templated":true}]}}