{"id":1684,"date":"2020-06-04T11:37:43","date_gmt":"2020-06-04T09:37:43","guid":{"rendered":"http:\/\/www.mladibl.com\/?p=1684"},"modified":"2020-06-04T11:37:45","modified_gmt":"2020-06-04T09:37:45","slug":"prva-cat-digitalna-akademija-nauci-upravljati-online-kampanjama","status":"publish","type":"post","link":"https:\/\/www.mladibl.com\/?p=1684","title":{"rendered":"Prva CAT digitalna akademija: Nau\u010di upravljati online kampanjama"},"content":{"rendered":"\n<p>Online aktivizam u Bosni i Hercegovini dolazi na velika vrata!<\/p>\n\n\n\n<p>Digitalna akademija \u0107e okupiti 20 najmotivisanijih mladih menad\u017eera dru\u0161tvenih mre\u017ea iz organizacija civilnog dru\u0161tva u Bosni i Hercegovini!<\/p>\n\n\n\n<p>Prethodne tri godine, \u010dlanovi CAT Bosna i Hercegovina su svojim prisustvom na dru\u0161tvenim mre\u017eama ponudili mladima u BiH i regionu nove pristupe u aktivizmu, naro\u010dito kada je rije\u010d o onom koji se de\u0161ava na dru\u0161tvenim mre\u017eama. Stoga u \u017eelji da svoje znanje prenesemo i na ostale mlade \u0161irom Bosne i Hercegovine, u saradnji sa eminentnim omladinskim radnicama iz Srbije Ivanom Volf i Marinelom \u0160umanski donosimo na\u0161u prvu Digitalnu akademiju za menad\u017eere dru\u0161tvenih mre\u017ea!<\/p>\n\n\n\n<p>\u0160ta mogu o\u010dekivati od Akademije?<\/p>\n\n\n\n<ul class=\"wp-block-list\"><li>Akademija ti pru\u017ea priliku da svoja znanja iz sfere civilnog dru\u0161tva, po\u010dne\u0161 koristiti i na dru\u0161tvenim medijima<\/li><li>Jo\u0161 19 visokomotivisanih mladih u namjeri da prisustvom na dru\u0161tvenim mre\u017eama do\u0111u u fokus u svojim zajednicama<\/li><li>Nove ideje za inovativne projekte tvoje organizacije<\/li><li>Nova partnerstva i umre\u017eavanje sa mladima iz BiH<\/li><li>Konkretne i mjerljive rezultate u pove\u0107anju vidljivosti tvoje organziacije<\/li><li>Sredstva za ogla\u0161avanje za promociju partnerskih ONLINE KAMPANJA po zavr\u0161etku sva 4 modula<\/li><\/ul>\n\n\n\n<p>Kome je Akademija namjenjena?<\/p>\n\n\n\n<ul class=\"wp-block-list\"><li>Mladima izme\u0111u 16 i 30 godina<\/li><li>Zadu\u017eenim za vo\u0111enje profila dru\u0161tvenih mre\u017ea u svojim organizacijama<\/li><li>Istinska motivacija za rad i usvajanje novih vje\u0161tina i znanja u polju online kampanja i online aktivizma<\/li><li>Mladima koji \u017eele po zavr\u0161etku modula u partnerstvu zapo\u010deti SVOJU ONLINE KAMPANJU!<\/li><\/ul>\n\n\n\n<p>Ko mi garantuje u\u010denje kroz zabavu i interaktivne metode online?<\/p>\n\n\n\n<ul class=\"wp-block-list\"><li>Prvenstveno na\u0161e Ma\u010dke iz CAT BiH. Ma\u010dke nisu ljubitelji suhoparnih i dosadnih edukacija!<\/li><li>Na\u0161e trenerice Marinela \u0160umanski (Trening menad\u017eerica Jugoisto\u010dne evropske mre\u017ee mladih (SEEYN)) i Ivana Volf (Menad\u017eerica e-learning sadr\u017eaja u SEEYN mre\u017ei) sa preko 10 godina iskustva u direktnom radu sa mladima na inovativnim treninzima i edukacijama. Naro\u010dito online.<\/li><\/ul>\n\n\n\n<p>Kada po\u010dinjemo i kako \u0107e Akademija izgledati?<\/p>\n\n\n\n<p>Prvi modul i upoznavanje nas o\u010dekuje 22.6.2020., a tokom tri naredna mjeseca u dogovoru sa polaznicima i trenericama Digitalne akademije za menad\u017eere dru\u0161tvenih mre\u017ea \u0107e biti dogovoreni i termini ostalih modula!<\/p>\n\n\n\n<p>\u2013\u017delja nam je da potaknemo kreativno online okru\u017eenje u kojem \u0107e se mladi osje\u0107ati prijatno i ohrabreno da zapo\u010dnu svoju PRVU ONLINE kampanju u zajednici. Nakon zavr\u0161enog \u010detvrtog modula u avgustu, polaznici Akademije \u0107e biti u mogu\u0107nosti da u partnerstvu sa drugim polaznicima pokrenu svoje kampanje.<\/p>\n\n\n\n<p>Za sedam online kampanja, koje na\u0161i polaznici osmisle, smo obezbjedili i sredstva za ogla\u0161avanje \u2013 kako bi njihova kampanja bila vidljivija i kako bismo kroz prakti\u010dne primjere mogli da u\u010de i mjere uspje\u0161nost svojih kampanja!<\/p>\n\n\n\n<p>Ukoliko smatrate da je ovo prilika za tebe i tvoju organizaciju da bude vidljivija u lokalnoj zajednici \u2013 Popuni jednostavnu prijavnicu:<\/p>\n\n\n\n<p><strong><a href=\"https:\/\/forms.gle\/ddMJyPpVuaEHPjop8\" target=\"_blank\" rel=\"noreferrer noopener\" aria-label=\"Prijava za polaznike\/ce CAT BiH Digitalne Akademije za menad\u017eere dru\u0161tvenih mre\u017ea (opens in a new tab)\">Prijava za polaznike\/ce CAT BiH Digitalne Akademije za menad\u017eere dru\u0161tvenih mre\u017ea<\/a><\/strong><\/p>\n\n\n\n<p>ROK ZA PRIJAVE NA AKADEMIJU: 16.6.2020. godine!<\/p>\n\n\n\n<p>O nama:<\/p>\n\n\n\n<p>CAT Bosna i Hercegovina je online inicijativa mladih iz Sjeveroisto\u010dne BiH, koji svojim prisustvom na dru\u0161tvenim mre\u017eama i drugim online kanalima \u017eele da kreiraju siguran i kvalitetan sadr\u017eaj za mlade iz BiH i regiona.<\/p>\n\n\n\n<p>Vi\u0161e informacija na: <a href=\"https:\/\/www.mreza-mira.net\/vijesti\/seminari-treninzi\/prva-cat-digitalna-akademija-nauci-upravljati-online-kampanjama\/\" target=\"_blank\" rel=\"noreferrer noopener\" aria-label=\"mreza-mira.net (opens in a new tab)\">mreza-mira.net<\/a><\/p>\n","protected":false},"excerpt":{"rendered":"<p>Online aktivizam u Bosni i Hercegovini dolazi na velika vrata! Digitalna akademija \u0107e okupiti 20 najmotivisanijih mladih menad\u017eera dru\u0161tvenih mre\u017ea<\/p>\n","protected":false},"author":1,"featured_media":1685,"comment_status":"closed","ping_status":"open","sticky":false,"template":"","format":"standard","meta":{"om_disable_all_campaigns":false,"_monsterinsights_skip_tracking":false,"_monsterinsights_sitenote_active":false,"_monsterinsights_sitenote_note":"","_monsterinsights_sitenote_category":0,"footnotes":""},"categories":[6],"tags":[737,738,739,424],"class_list":["post-1684","post","type-post","status-publish","format-standard","has-post-thumbnail","hentry","category-dogadjaji","tag-cat","tag-digitalna-akademija","tag-kampanje","tag-online"],"jetpack_featured_media_url":"https:\/\/www.mladibl.com\/wp-content\/uploads\/2020\/06\/Prva-CAT-digitalna-akademija.png","amp_enabled":true,"_links":{"self":[{"href":"https:\/\/www.mladibl.com\/index.php?rest_route=\/wp\/v2\/posts\/1684","targetHints":{"allow":["GET"]}}],"collection":[{"href":"https:\/\/www.mladibl.com\/index.php?rest_route=\/wp\/v2\/posts"}],"about":[{"href":"https:\/\/www.mladibl.com\/index.php?rest_route=\/wp\/v2\/types\/post"}],"author":[{"embeddable":true,"href":"https:\/\/www.mladibl.com\/index.php?rest_route=\/wp\/v2\/users\/1"}],"replies":[{"embeddable":true,"href":"https:\/\/www.mladibl.com\/index.php?rest_route=%2Fwp%2Fv2%2Fcomments&post=1684"}],"version-history":[{"count":1,"href":"https:\/\/www.mladibl.com\/index.php?rest_route=\/wp\/v2\/posts\/1684\/revisions"}],"predecessor-version":[{"id":1686,"href":"https:\/\/www.mladibl.com\/index.php?rest_route=\/wp\/v2\/posts\/1684\/revisions\/1686"}],"wp:featuredmedia":[{"embeddable":true,"href":"https:\/\/www.mladibl.com\/index.php?rest_route=\/wp\/v2\/media\/1685"}],"wp:attachment":[{"href":"https:\/\/www.mladibl.com\/index.php?rest_route=%2Fwp%2Fv2%2Fmedia&parent=1684"}],"wp:term":[{"taxonomy":"category","embeddable":true,"href":"https:\/\/www.mladibl.com\/index.php?rest_route=%2Fwp%2Fv2%2Fcategories&post=1684"},{"taxonomy":"post_tag","embeddable":true,"href":"https:\/\/www.mladibl.com\/index.php?rest_route=%2Fwp%2Fv2%2Ftags&post=1684"}],"curies":[{"name":"wp","href":"https:\/\/api.w.org\/{rel}","templated":true}]}}