{"id":16831,"date":"2022-01-26T10:24:20","date_gmt":"2022-01-26T08:24:20","guid":{"rendered":"https:\/\/www.mladibl.com\/?p=16831"},"modified":"2022-01-26T10:24:20","modified_gmt":"2022-01-26T08:24:20","slug":"osnovni-kurs-za-tehnicara-zvuka","status":"publish","type":"post","link":"https:\/\/www.mladibl.com\/?p=16831","title":{"rendered":"Osnovni kurs za tehni\u010dara zvuka"},"content":{"rendered":"\n<p>Zdravo da ste organizuje osnovni kurs za tehni\u010dara zvuka. Kurs je namijen 18 + osobama.<\/p>\n\n\n\n<p>Za prijavu je neophodno da na e-mail adresu info@zdravodaste.org po\u0161aljete CV i motivaciono pismo. Broj u\u010desnika je ograni\u010den.<\/p>\n\n\n\n<p>Prijave traju do 14.02.2022.<\/p>\n\n\n\n<p>CILJ KURSA<\/p>\n\n\n\n<p>Sticanje osnovnih teoretskih znanja iz oblasti fizike zvuka, principa u audiotehnici, te tehnolo\u0161kih rje\u0161enja koja se koriste u praksi, sa akcentom na tehnologiju ozvuc\u030cavanja \u017eivo izvo\u0111ene muzike. Sticanje praktic\u030cnih znanja iz oblasti ozvuc\u030cavanja \u017eivo izvo\u0111ene muzike \u2013 live koncerata, uz upoznavanje i savladavanje nac\u030cina kori\u0161c\u0301enja modernih tehnic\u030ckih sredstava koja se koriste u realizaciji koncerata.<\/p>\n\n\n\n<p>U prvih osam nedelja kursa fokus je na teorijskim predavanjima uz postepeno uvo\u0111enje praktic\u030cnih sadr\u017eaja, dok su poslednje 4 nedelje planirane za praktic\u030cne aktivnosti u radu sa konkretnim tehnic\u030ckim sredstvima.<\/p>\n\n\n\n<p>Predava\u010d je Ninoslav Dobrijevi\u0107, in\u017einjer elektrotehnike sa dugogodi\u0161njim predava\u010dkim sta\u017eom, te ogromnim iskustvom u oblasti live audio produkcije. Sa preko 15 godina iskustva u realizaciji koncerata, kako u regionu, tako i u Evropi, te uspje\u0161nom saradnjom sa svim vode\u0107im izvo\u0111a\u010dima iz regiona predstavlja najkompetentniju osobu za edukaciju mladih i uvo\u0111enje u ovaj atraktivan ali i izuzetno zahtjevan posao.<\/p>\n\n\n\n<p>Ovaj kurs organizujemo u okviru projekta \u201cMladima zvuka\u201d koji je podr\u017ean od strane Grada Banja Luka.<\/p>\n\n\n\n<figure class=\"wp-block-image size-full\"><img loading=\"lazy\" decoding=\"async\" width=\"800\" height=\"800\" src=\"http:\/\/www.mladibl.com\/wp-content\/uploads\/2022\/01\/OSNOVNI-KURS-ZA-TEHNICARA-ZVUKA.jpg\" alt=\"\" class=\"wp-image-16825\" srcset=\"https:\/\/www.mladibl.com\/wp-content\/uploads\/2022\/01\/OSNOVNI-KURS-ZA-TEHNICARA-ZVUKA.jpg 800w, https:\/\/www.mladibl.com\/wp-content\/uploads\/2022\/01\/OSNOVNI-KURS-ZA-TEHNICARA-ZVUKA-300x300.jpg 300w, https:\/\/www.mladibl.com\/wp-content\/uploads\/2022\/01\/OSNOVNI-KURS-ZA-TEHNICARA-ZVUKA-150x150.jpg 150w, https:\/\/www.mladibl.com\/wp-content\/uploads\/2022\/01\/OSNOVNI-KURS-ZA-TEHNICARA-ZVUKA-768x768.jpg 768w\" sizes=\"auto, (max-width: 800px) 100vw, 800px\" \/><\/figure>\n\n\n\n<p>Preuzeto sa: <a href=\"https:\/\/www.instagram.com\/p\/CZKMrBprRP1\/\" target=\"_blank\" rel=\"noreferrer noopener\">Instagram @zdravodaste<\/a><\/p>\n","protected":false},"excerpt":{"rendered":"<p>Zdravo da ste organizuje osnovni kurs za tehni\u010dara zvuka. Kurs je namijen 18 + osobama. Za prijavu je neophodno da<\/p>\n","protected":false},"author":1,"featured_media":16825,"comment_status":"closed","ping_status":"open","sticky":false,"template":"","format":"standard","meta":{"om_disable_all_campaigns":false,"_monsterinsights_skip_tracking":false,"_monsterinsights_sitenote_active":false,"_monsterinsights_sitenote_note":"","_monsterinsights_sitenote_category":0,"footnotes":""},"categories":[4],"tags":[7759,7760,69],"class_list":["post-16831","post","type-post","status-publish","format-standard","has-post-thumbnail","hentry","category-edukacija","tag-osnovni-kurs","tag-tehnicar-zvuka","tag-zdravo-da-ste"],"jetpack_featured_media_url":"https:\/\/www.mladibl.com\/wp-content\/uploads\/2022\/01\/OSNOVNI-KURS-ZA-TEHNICARA-ZVUKA.jpg","amp_enabled":true,"_links":{"self":[{"href":"https:\/\/www.mladibl.com\/index.php?rest_route=\/wp\/v2\/posts\/16831","targetHints":{"allow":["GET"]}}],"collection":[{"href":"https:\/\/www.mladibl.com\/index.php?rest_route=\/wp\/v2\/posts"}],"about":[{"href":"https:\/\/www.mladibl.com\/index.php?rest_route=\/wp\/v2\/types\/post"}],"author":[{"embeddable":true,"href":"https:\/\/www.mladibl.com\/index.php?rest_route=\/wp\/v2\/users\/1"}],"replies":[{"embeddable":true,"href":"https:\/\/www.mladibl.com\/index.php?rest_route=%2Fwp%2Fv2%2Fcomments&post=16831"}],"version-history":[{"count":1,"href":"https:\/\/www.mladibl.com\/index.php?rest_route=\/wp\/v2\/posts\/16831\/revisions"}],"predecessor-version":[{"id":16832,"href":"https:\/\/www.mladibl.com\/index.php?rest_route=\/wp\/v2\/posts\/16831\/revisions\/16832"}],"wp:featuredmedia":[{"embeddable":true,"href":"https:\/\/www.mladibl.com\/index.php?rest_route=\/wp\/v2\/media\/16825"}],"wp:attachment":[{"href":"https:\/\/www.mladibl.com\/index.php?rest_route=%2Fwp%2Fv2%2Fmedia&parent=16831"}],"wp:term":[{"taxonomy":"category","embeddable":true,"href":"https:\/\/www.mladibl.com\/index.php?rest_route=%2Fwp%2Fv2%2Fcategories&post=16831"},{"taxonomy":"post_tag","embeddable":true,"href":"https:\/\/www.mladibl.com\/index.php?rest_route=%2Fwp%2Fv2%2Ftags&post=16831"}],"curies":[{"name":"wp","href":"https:\/\/api.w.org\/{rel}","templated":true}]}}