{"id":16698,"date":"2022-01-21T10:32:54","date_gmt":"2022-01-21T08:32:54","guid":{"rendered":"https:\/\/www.mladibl.com\/?p=16698"},"modified":"2022-01-21T10:32:54","modified_gmt":"2022-01-21T08:32:54","slug":"u-bih-otvoren-javni-poziv-za-digitalne-inovativne-hub-ove","status":"publish","type":"post","link":"https:\/\/www.mladibl.com\/?p=16698","title":{"rendered":"U BiH otvoren javni poziv za digitalne inovativne HUB-ove"},"content":{"rendered":"\n<p>U Bosni i Hercegovini danas je otvoren javni poziv za dostavljanje idejnih prijedloga o temi \u201cDigitalni inovacioni HUB-ovi u BiH\u201d.<\/p>\n\n\n\n<p>\u201cNa javni poziv koji \u0107e trajati do 28. februara mogu se javiti pojedina\u010dni aplikanti ili partnerstva koja \u017eele djelovati kao digitalni inovacioni HUB i pru\u017eati podr\u0161ku malim i srednjim preduze\u0107ima na njihovom putu digitalne transformacije. Cilj poziva je pru\u017eiti podr\u0161ku formiranju tri digitalna inovaciona HUB-a u BiH. Predvi\u0111ena je finansijska i tehni\u010dka podr\u0161ka\u201d, rekao je na dana\u0161njem predstavljanju javnog poziva savjetnik u Njema\u010dkom dru\u0161tvu za me\u0111unarodnu saradnju (GIZ) Slavi\u0161a Jovanovi\u0107.<\/p>\n\n\n\n<p>Od 1. februara putem zvani\u010dne web stranice https:\/\/b2b.ba\/public-call\/apply-now\/ mogu\u0107e je zakazati konsultacije.<\/p>\n\n\n\n<p>\u201cDo polovine marta o\u010dekujemo da \u0107emo imati preliminarnu listu prijedloga za daljnju tehni\u010dku i finansijsku podr\u0161ku, koja treba rezultirati do potpuno funkcionalnih digitalnih inovacionih hubova\u201d, dodao je Jovanovi\u0107.<\/p>\n\n\n\n<p>HUB je vi\u0161epartnerska platforma za podr\u0161ku malim i srednjim preduze\u0107ima u procesu digitalne transformacije.<\/p>\n\n\n\n<p>Javni poziv dio je projekta EU4DigitalSME, \u010dija je provedba otpo\u010dela u septembru pro\u0161le godine, a sprovodi ga GIZ sa projektnim partnerima.<\/p>\n\n\n\n<p>\u201cUkupna vrijednost projekta je 6,1 milion eura, a zajedni\u010dki ga finansiraju Evropska unija (5 miliona eura) i Vlada Njema\u010dke (1,1 milion eura)\u201d, kazao je zamjenik menad\u017eera projekta Donald Prohaska.<\/p>\n\n\n\n<p>Istakao je da se kao rezultati projekta o\u010dekuje da u BiH budu uspostavljeni prvi digitalni HUB-ovi, da bude unaprije\u0111en pristup digitalnim inovacijama za mala i srednja preduze\u0107a u izvozno orijentiranim sektorima, kao i da budu pobolj\u0161ane okvirne politike za digitalni ekosistem malih i srednjih preduze\u0107a.<\/p>\n\n\n\n<p>Za ve\u0107inu malih i srednjih preduze\u0107a digitalna transformacija je neminovnost, a digitalni inovacioni HUB-ovi su uskoro tu da je pretvore u realnost.<\/p>\n\n\n\n<p>Kroz projekt \u0107e se podr\u017eati stvaranje poslovnog okru\u017eenja za tehnolo\u0161ku transformaciju malih i srednjih preduze\u0107a kako bi se ubla\u017eili efekti COVID-19 na ekonomiju u BiH, kroz bolji pristup inovativnim tehnologijama, vje\u0161tinama i uslugama u svim lancima vrijednosti.<\/p>\n\n\n\n<p>Preuzeto sa: <a href=\"https:\/\/www.hocu.ba\/indexphp\/hocupriliku\/u-bih-otvoren-javni-poziv-za-digitalne-inovativne-hub-ove\/\" target=\"_blank\" rel=\"noreferrer noopener\">hocu.ba<\/a><\/p>\n","protected":false},"excerpt":{"rendered":"<p>U Bosni i Hercegovini danas je otvoren javni poziv za dostavljanje idejnih prijedloga o temi \u201cDigitalni inovacioni HUB-ovi u BiH\u201d.<\/p>\n","protected":false},"author":1,"featured_media":16674,"comment_status":"closed","ping_status":"open","sticky":false,"template":"","format":"standard","meta":{"om_disable_all_campaigns":false,"_monsterinsights_skip_tracking":false,"_monsterinsights_sitenote_active":false,"_monsterinsights_sitenote_note":"","_monsterinsights_sitenote_category":0,"footnotes":""},"categories":[7],"tags":[7718,218],"class_list":["post-16698","post","type-post","status-publish","format-standard","has-post-thumbnail","hentry","category-grantovi","tag-digitalni-inovativni-hub-ovi","tag-javni-poziv"],"jetpack_featured_media_url":"https:\/\/www.mladibl.com\/wp-content\/uploads\/2022\/01\/U-BiH-otvoren-javni-poziv-za-digitalne-inovativne-HUB-ove.jpg","amp_enabled":true,"_links":{"self":[{"href":"https:\/\/www.mladibl.com\/index.php?rest_route=\/wp\/v2\/posts\/16698","targetHints":{"allow":["GET"]}}],"collection":[{"href":"https:\/\/www.mladibl.com\/index.php?rest_route=\/wp\/v2\/posts"}],"about":[{"href":"https:\/\/www.mladibl.com\/index.php?rest_route=\/wp\/v2\/types\/post"}],"author":[{"embeddable":true,"href":"https:\/\/www.mladibl.com\/index.php?rest_route=\/wp\/v2\/users\/1"}],"replies":[{"embeddable":true,"href":"https:\/\/www.mladibl.com\/index.php?rest_route=%2Fwp%2Fv2%2Fcomments&post=16698"}],"version-history":[{"count":1,"href":"https:\/\/www.mladibl.com\/index.php?rest_route=\/wp\/v2\/posts\/16698\/revisions"}],"predecessor-version":[{"id":16699,"href":"https:\/\/www.mladibl.com\/index.php?rest_route=\/wp\/v2\/posts\/16698\/revisions\/16699"}],"wp:featuredmedia":[{"embeddable":true,"href":"https:\/\/www.mladibl.com\/index.php?rest_route=\/wp\/v2\/media\/16674"}],"wp:attachment":[{"href":"https:\/\/www.mladibl.com\/index.php?rest_route=%2Fwp%2Fv2%2Fmedia&parent=16698"}],"wp:term":[{"taxonomy":"category","embeddable":true,"href":"https:\/\/www.mladibl.com\/index.php?rest_route=%2Fwp%2Fv2%2Fcategories&post=16698"},{"taxonomy":"post_tag","embeddable":true,"href":"https:\/\/www.mladibl.com\/index.php?rest_route=%2Fwp%2Fv2%2Ftags&post=16698"}],"curies":[{"name":"wp","href":"https:\/\/api.w.org\/{rel}","templated":true}]}}