{"id":16608,"date":"2022-01-19T09:40:41","date_gmt":"2022-01-19T07:40:41","guid":{"rendered":"https:\/\/www.mladibl.com\/?p=16608"},"modified":"2022-01-19T09:46:36","modified_gmt":"2022-01-19T07:46:36","slug":"power-up-seminar-za-profesore-i-strucne-saradnike","status":"publish","type":"post","link":"https:\/\/www.mladibl.com\/?p=16608","title":{"rendered":"Power Up Seminar za profesore i stru\u010dne saradnike"},"content":{"rendered":"\n<p>Fondacija Sch\u00fcler Helfen Leben i ove godine organizuje Power Up Seminar za profesore i stru\u010dne saradnike. Seminar je namijenjen profesorima i stru\u010dnim saradnicima koji direktno rade sa Vije\u0107ima\/Savjetima u\u010denika u nekoj od srednjih \u0161kola u Bosni i Hercegovini. Seminar obuhvata tematske oblasti poput:<\/p>\n\n\n\n<ul class=\"wp-block-list\"><li>Strategije za poticanje kriti\u010dkog mi\u0161ljenja kod mladih;<\/li><li>Informacijsko-komunikacijske tehnologije u obrazovnom procesu;<\/li><li>Svrha i smisao cjelo\u017eivotnog u\u010denja za \u0161kolu, pojedinca i dru\u0161tva u cjelini;<\/li><li>Uloga i zna\u010daj iskustvenog u\u010denja.<\/li><\/ul>\n\n\n\n<p>\u017deljom da usavr\u0161imo oblike u\u010denja koje pru\u017eamo kroz na\u0161 program Omladinskog obrazovanja, ove godine Power Up Seminar za profesore i stru\u010dne saradnike \u0107e imati ne\u0161to druga\u010diji format nego prethodnih godina.<\/p>\n\n\n\n<p>Naime, ove godine Power Up Seminar za profesore i stru\u010dne saradnike \u0107e se implementirati kroz dvije faze pod mentorstvom iskusnih trenera i to:<\/p>\n\n\n\n<p>I faza obuke \u0107e se implementirati online na interaktivnoj platformi SHL-a<\/p>\n\n\n\n<p>Kroz ovaj dio obuke u\u010desnici \u0107e u skladu sa svojim svakodnevnim obavezama poha\u0111ati samostoje\u0107i kurs na Moodle platformi te u zadanom periodu \u0107e morati kompletirati sve sadr\u017eaje i zadatke koji su predvi\u0111eni na platformi. Ova faza obuke pru\u017ea obrazovni aspekt gore pomenutih tema te ima obavezan prakti\u010dni segment onog \u0161to je nau\u010deno. Dio prakti\u010dnih zadataka je na individualnom nivou dok drugi dio zahtjeva uklju\u010divanje Vije\u0107a\/Savjeta u\u010denika u implementaciju istih.<\/p>\n\n\n\n<p>Termin implementacije: 03.-20.02.2022.<\/p>\n\n\n\n<p>II faza obuke \u0107e se implementirati u\u017eivo u Sarajevu<\/p>\n\n\n\n<p>Tokom druge faze obuke, u\u010desnici \u0107e imati priliku da podjele iskustva koja su stekli tokom primjene prakti\u010dnih zadataka sa I faze obuke. Zajedno sa trenerima \u0107e imati priliku da diskutuju o praksama te da izna\u0111u rje\u0161enja koja najbolje funkcioni\u0161u u \u0161kolama. Pored navedenog, tokom ove faze obuke u\u010desnici \u0107e imati priliku da se upoznaju sa aktivnostima SHL-a u 2022. godini u koje se mogu uklju\u010diti njihove \u0161kole, nastavno osoblje te u\u010denici!<\/p>\n\n\n\n<p>Termin implementacije: 05.-07.03.2022.<\/p>\n\n\n\n<p>Napomena: S obzirom da je ograni\u010den broj u\u010desnika na II fazi obuke, priliku za u\u010de\u0161\u0107e \u0107e dobiti polaznici koji ostvare najbolje rezultate tokom I faze obuke.<\/p>\n\n\n\n<p>SHL tim \u0107e vr\u0161iti odabir u\u010desnika na osnovu pristiglih prijavnica i svi prijavljeni \u0107e u srijedu 02.02.2022. biti obavije\u0161teni o statusu njihove prijave putem e-mail adrese koju navedu u prijavnici.<\/p>\n\n\n\n<p>Prijavnicu mo\u017eete popuniti na ovom <strong><a href=\"https:\/\/forms.gle\/kQNw8nteQuv4tMfn6\" target=\"_blank\" rel=\"noreferrer noopener\">LINK-u<\/a><\/strong> najkasnije do 01.02.2022. do 12:00h.<\/p>\n\n\n\n<p>Ukoliko imate dodatnih pitanja ili nedoumica, budite slobodni da nas kontaktirate na e-mail: <strong><a href=\"mailto:seminari@shl.ba\" target=\"_blank\" rel=\"noreferrer noopener\">seminari@shl.ba<\/a><\/strong><\/p>\n\n\n\n<p>Preuzeto sa: <a href=\"https:\/\/www.hocu.ba\/indexphp\/hocupriliku\/power-up-seminar-za-profesore-i-strucne-saradnike\/\" target=\"_blank\" rel=\"noreferrer noopener\">hocu.ba<\/a><\/p>\n","protected":false},"excerpt":{"rendered":"<p>Fondacija Sch\u00fcler Helfen Leben i ove godine organizuje Power Up Seminar za profesore i stru\u010dne saradnike. Seminar je namijenjen profesorima<\/p>\n","protected":false},"author":1,"featured_media":16604,"comment_status":"closed","ping_status":"open","sticky":false,"template":"","format":"standard","meta":{"om_disable_all_campaigns":false,"_monsterinsights_skip_tracking":false,"_monsterinsights_sitenote_active":false,"_monsterinsights_sitenote_note":"","_monsterinsights_sitenote_category":0,"footnotes":""},"categories":[6],"tags":[4109,4265,1404,180,4266],"class_list":["post-16608","post","type-post","status-publish","format-standard","has-post-thumbnail","hentry","category-dogadjaji","tag-power-up","tag-profesori","tag-seminar","tag-shl","tag-strucni-saradnici"],"jetpack_featured_media_url":"https:\/\/www.mladibl.com\/wp-content\/uploads\/2022\/01\/Power-Up-Seminar-za-profesore-i-strucne-saradnike.jpg","amp_enabled":true,"_links":{"self":[{"href":"https:\/\/www.mladibl.com\/index.php?rest_route=\/wp\/v2\/posts\/16608","targetHints":{"allow":["GET"]}}],"collection":[{"href":"https:\/\/www.mladibl.com\/index.php?rest_route=\/wp\/v2\/posts"}],"about":[{"href":"https:\/\/www.mladibl.com\/index.php?rest_route=\/wp\/v2\/types\/post"}],"author":[{"embeddable":true,"href":"https:\/\/www.mladibl.com\/index.php?rest_route=\/wp\/v2\/users\/1"}],"replies":[{"embeddable":true,"href":"https:\/\/www.mladibl.com\/index.php?rest_route=%2Fwp%2Fv2%2Fcomments&post=16608"}],"version-history":[{"count":1,"href":"https:\/\/www.mladibl.com\/index.php?rest_route=\/wp\/v2\/posts\/16608\/revisions"}],"predecessor-version":[{"id":16609,"href":"https:\/\/www.mladibl.com\/index.php?rest_route=\/wp\/v2\/posts\/16608\/revisions\/16609"}],"wp:featuredmedia":[{"embeddable":true,"href":"https:\/\/www.mladibl.com\/index.php?rest_route=\/wp\/v2\/media\/16604"}],"wp:attachment":[{"href":"https:\/\/www.mladibl.com\/index.php?rest_route=%2Fwp%2Fv2%2Fmedia&parent=16608"}],"wp:term":[{"taxonomy":"category","embeddable":true,"href":"https:\/\/www.mladibl.com\/index.php?rest_route=%2Fwp%2Fv2%2Fcategories&post=16608"},{"taxonomy":"post_tag","embeddable":true,"href":"https:\/\/www.mladibl.com\/index.php?rest_route=%2Fwp%2Fv2%2Ftags&post=16608"}],"curies":[{"name":"wp","href":"https:\/\/api.w.org\/{rel}","templated":true}]}}