{"id":1651,"date":"2020-06-02T12:48:26","date_gmt":"2020-06-02T10:48:26","guid":{"rendered":"http:\/\/www.mladibl.com\/?p=1651"},"modified":"2020-06-02T12:49:38","modified_gmt":"2020-06-02T10:49:38","slug":"regionalni-foto-konkurs-povodom-svjetskog-dana-zivotne-sredine-5-jun","status":"publish","type":"post","link":"https:\/\/www.mladibl.com\/?p=1651","title":{"rendered":"Regionalni foto konkurs povodom Svjetskog dana \u017eivotne sredine, 5. jun"},"content":{"rendered":"\n<p>Centar za \u017eivotnu sredinu, Centar za za\u0161titu i prou\u010davanje ptica Crne Gore i Dru\u0161tvo za za\u0161titu i prou\u010davanje ptica Srbije vas pozivaju da u\u010destvujete u regionalnom foto konkursu koji se realizuje u okviru BioNET mre\u017ee, u cilju obilje\u017eavanja Svjetskog dana \u017eivotne sredine, 5. juni.<\/p>\n\n\n\n<p>Na konkursu mogu u\u010destvovati, kako profesionalni, tako i amaterski fotografi iz Bosne i Hercegovine, Srbije i Crne Gore. Svaki u\u010desnik mo\u017ee u\u010destvovati samo sa jednom fotografijom.<\/p>\n\n\n\n<p>Tema fotografije mo\u017ee biti prirodni pejza\u017e, flora ili fauna. U okviru svake od ovih kategorija \u0107emo nagraditi tri najbolje fotografije prigodnim i simboli\u010dnim poklonima.<\/p>\n\n\n\n<p>U\u010de\u0161\u0107em na konkursu zna\u010di da su u\u010desnici saglasni da Centar za \u017eivotnu sredinu, Centar za za\u0161titu i prou\u010davanje ptica Crne Gore i Dru\u0161tvo za za\u0161titu i prou\u010davanje ptica Srbije i BioNET mre\u017ea mogu koristiti li\u010dne podatke u\u010desnika (ime i prezime i e-mail) uz potpuno po\u0161tivanje prava na tajnost li\u010dnih podataka.<\/p>\n\n\n\n<p>Tako\u0111e, organizatori konkursa zadr\u017eavaju pravo kori\u0161tenja dostavljenih fotografija u promotivne svrhe i u budu\u0107im publikacijama uz navo\u0111enje autora slika.<\/p>\n\n\n\n<p>Fotografije se dostavljaju najkasnije do pono\u0107i 5. juna na sljede\u0107u e-mail adresu: <a href=\"mailto:bionetwesternbalkans@gmail.com\" target=\"_blank\" rel=\"noreferrer noopener\" aria-label=\"bionetwesternbalkans@gmail.com (opens in a new tab)\">bionetwesternbalkans@gmail.com<\/a><\/p>\n\n\n\n<p><strong><a rel=\"noreferrer noopener\" aria-label=\"Open Regional Fund Implementation of Biodiversity Agreements \u2013 ORF BDU, GIZ (opens in a new tab)\" href=\"https:\/\/www.facebook.com\/BiodiversityORF\/?__tn__=K-R&amp;eid=ARBeroI7aHeOOPTQOUivXMYpPP4ti8cWUriXp-3laJwizBxm0SX1RabzIAt7vkxr4DavW4pBwTj7jN06&amp;fref=mentions&amp;__xts__%5B0%5D=68.ARA0ftzcJQkxjcy6GjGu0IPY51Dk7IiIYueM9iojw7IdjNvviSV8Unakr4h2c1toGzHgm9ATLegUIbufGlfGdSK7TV2n7fQjRk4YAhDaCqbOpCX2xDXQCjQCl8Mv3N8XDc-ZIPLy-MncB4_HOM5EzRKcaEghD3NS-9GBWJblnXyzWkzLz5ss708K2KqKiaJPGTtsJfWbwxC-Pv4PKmBUQSo05zRX-jgpgFJy234Wdu8me2f5GvNZ8ZX3yvfektJBMAWnUD3Uoz8hPzkUKUi-R1JYeMxoQJpqfnF_E67zRJf3I86CHr4nIzPuUr7q1WbAj5YuHM58BiH8xo4ZUjSlj11bVQ\" target=\"_blank\">Open Regional Fund Implementation of Biodiversity Agreements \u2013 ORF BDU, GIZ<\/a><\/strong><\/p>\n\n\n\n<figure class=\"wp-block-image\"><img loading=\"lazy\" decoding=\"async\" width=\"960\" height=\"960\" src=\"http:\/\/www.mladibl.com\/wp-content\/uploads\/2020\/06\/Regionalni-foto-konkurs-povodom-Svjetskog-dana-\u017eivotne-sredine-5.-jun.jpg\" alt=\"\" class=\"wp-image-1652\" srcset=\"https:\/\/www.mladibl.com\/wp-content\/uploads\/2020\/06\/Regionalni-foto-konkurs-povodom-Svjetskog-dana-\u017eivotne-sredine-5.-jun.jpg 960w, https:\/\/www.mladibl.com\/wp-content\/uploads\/2020\/06\/Regionalni-foto-konkurs-povodom-Svjetskog-dana-\u017eivotne-sredine-5.-jun-150x150.jpg 150w, https:\/\/www.mladibl.com\/wp-content\/uploads\/2020\/06\/Regionalni-foto-konkurs-povodom-Svjetskog-dana-\u017eivotne-sredine-5.-jun-300x300.jpg 300w, https:\/\/www.mladibl.com\/wp-content\/uploads\/2020\/06\/Regionalni-foto-konkurs-povodom-Svjetskog-dana-\u017eivotne-sredine-5.-jun-768x768.jpg 768w\" sizes=\"auto, (max-width: 960px) 100vw, 960px\" \/><\/figure>\n\n\n\n<p>Preuzeto sa: <a href=\"https:\/\/czzs.org\/recite-pticica-treba-nam-slicica\/\" target=\"_blank\" rel=\"noreferrer noopener\" aria-label=\"Centar za za\u0161titu \u017eivotne sredine (opens in a new tab)\">Centar za za\u0161titu \u017eivotne sredine<\/a><\/p>\n","protected":false},"excerpt":{"rendered":"<p>Centar za \u017eivotnu sredinu, Centar za za\u0161titu i prou\u010davanje ptica Crne Gore i Dru\u0161tvo za za\u0161titu i prou\u010davanje ptica Srbije<\/p>\n","protected":false},"author":1,"featured_media":1652,"comment_status":"closed","ping_status":"open","sticky":false,"template":"","format":"standard","meta":{"om_disable_all_campaigns":false,"_monsterinsights_skip_tracking":false,"_monsterinsights_sitenote_active":false,"_monsterinsights_sitenote_note":"","_monsterinsights_sitenote_category":0,"footnotes":""},"categories":[7],"tags":[727,728,725,726],"class_list":["post-1651","post","type-post","status-publish","format-standard","has-post-thumbnail","hentry","category-grantovi","tag-foto-konkurs","tag-regija","tag-svjetski-dan","tag-zivotna-sredina"],"jetpack_featured_media_url":"https:\/\/www.mladibl.com\/wp-content\/uploads\/2020\/06\/Regionalni-foto-konkurs-povodom-Svjetskog-dana-\u017eivotne-sredine-5.-jun.jpg","amp_enabled":true,"_links":{"self":[{"href":"https:\/\/www.mladibl.com\/index.php?rest_route=\/wp\/v2\/posts\/1651","targetHints":{"allow":["GET"]}}],"collection":[{"href":"https:\/\/www.mladibl.com\/index.php?rest_route=\/wp\/v2\/posts"}],"about":[{"href":"https:\/\/www.mladibl.com\/index.php?rest_route=\/wp\/v2\/types\/post"}],"author":[{"embeddable":true,"href":"https:\/\/www.mladibl.com\/index.php?rest_route=\/wp\/v2\/users\/1"}],"replies":[{"embeddable":true,"href":"https:\/\/www.mladibl.com\/index.php?rest_route=%2Fwp%2Fv2%2Fcomments&post=1651"}],"version-history":[{"count":2,"href":"https:\/\/www.mladibl.com\/index.php?rest_route=\/wp\/v2\/posts\/1651\/revisions"}],"predecessor-version":[{"id":1654,"href":"https:\/\/www.mladibl.com\/index.php?rest_route=\/wp\/v2\/posts\/1651\/revisions\/1654"}],"wp:featuredmedia":[{"embeddable":true,"href":"https:\/\/www.mladibl.com\/index.php?rest_route=\/wp\/v2\/media\/1652"}],"wp:attachment":[{"href":"https:\/\/www.mladibl.com\/index.php?rest_route=%2Fwp%2Fv2%2Fmedia&parent=1651"}],"wp:term":[{"taxonomy":"category","embeddable":true,"href":"https:\/\/www.mladibl.com\/index.php?rest_route=%2Fwp%2Fv2%2Fcategories&post=1651"},{"taxonomy":"post_tag","embeddable":true,"href":"https:\/\/www.mladibl.com\/index.php?rest_route=%2Fwp%2Fv2%2Ftags&post=1651"}],"curies":[{"name":"wp","href":"https:\/\/api.w.org\/{rel}","templated":true}]}}