{"id":16483,"date":"2022-01-14T19:01:00","date_gmt":"2022-01-14T17:01:00","guid":{"rendered":"https:\/\/www.mladibl.com\/?p=16483"},"modified":"2022-01-14T11:46:15","modified_gmt":"2022-01-14T09:46:15","slug":"12-konobara-i-kuvara-sa-daunovim-sindromom-ubrzo-pocinje-raditi","status":"publish","type":"post","link":"https:\/\/www.mladibl.com\/?p=16483","title":{"rendered":"12 konobara i kuvara sa Daunovim sindromom ubrzo po\u010dinje raditi"},"content":{"rendered":"\n<p>Osobe s Daunovim sindromom, njih 12, uskoro \u0107e po\u010deti da rade, a njihove kulinarske i konobarske sposobnosti pokaza\u0107e u &#8220;Daun kafeu&#8221;, \u010dija vrata bi trebalo da budu otvorena ve\u0107 u martu ili aprilu.<\/p>\n\n\n\n<p>Potvrdio je ovo za &#8220;Nezavisne&#8221; Zoran Jeli\u0107, direktor Daun sindrom centra, koji ka\u017ee da se uveliko dogovaraju kada i gdje \u0107e biti otvoren ovaj kafe.<\/p>\n\n\n\n<p>&#8220;Mi se uveliko pripremamo kako bi se otvorio prvi &#8216;Daun kafe&#8217;, a u kojem bi radili konobari i kuvari sa Daunovim sindromom. Zasad ve\u0107 imamo po \u0161est osoba osposobljenih za konobare i kuvare, odnosno ukupno njih 12&#8221;, istakao je Jeli\u0107.<\/p>\n\n\n\n<p>Kako ka\u017ee, jedna od najve\u0107ih prepreka prilikom njihovog zapo\u0161ljavanja su roditelji.<\/p>\n\n\n\n<p>&#8220;Oni se pla\u0161e \u0161ta \u0107e biti s njihovom djecom ako se zaposle, s obzirom na to da, kako ka\u017eu, ne\u0107e imati socijalna primanja koja sada dobijaju.<\/p>\n\n\n\n<p>Ipak, ta primanja su niska u odnosu na ono koliko osoba sa Daunovim sindromom mo\u017ee da zaradi&#8221;, kazao je Jeli\u0107.<\/p>\n\n\n\n<p>Ipak, prema njegovim rije\u010dima, roditelji ovih 12 mladih ljudi ih podr\u017eavaju i ne\u0107e biti prepreka da po\u010dnu uskoro raditi kao konobari i kuvari.<\/p>\n\n\n\n<p>&#8220;Ve\u0107 smo obavili nekoliko razgovora, a Ministarstvo zdravlja RS uveliko radi na tome da se prevazi\u0111u sve zakonske prepreke prilikom zapo\u0161ljavanja osoba sa Daunovim sindromom. U svemu ovome nam najvi\u0161e poma\u017ee, kao i mnogo puta prije, na\u0161 ambasador, doktor Vlado \u0110aji\u0107&#8221;, naglasio je Jeli\u0107.<\/p>\n\n\n\n<p>Dodaje da 23. januara odlaze u Prag kako bi potpisali ugovor o saradnji sa \u010de\u0161kom Daun sindrom organizacijom, a tom prilikom \u0107e prezentovati program socijalne rehabilitacije, ali i odr\u017eati premijeru filma &#8220;Neki novi Brodvej&#8221; u \u010ce\u0161koj.<\/p>\n\n\n\n<p>&#8220;U Pragu \u0107emo boraviti sedam dana, tokom kojih \u0107e osobe sa Daunovim sindromom pokazati vje\u0161tine koje su stekli na programu socijalne rehabilitacije&#8221;, rekao je Jeli\u0107.<\/p>\n\n\n\n<p>Kako ka\u017ee, od marta i aprila nastavljaju s radom u komunama u Banji Vru\u0107ici i na Jahorini.<\/p>\n\n\n\n<p>Isti\u010de da je pro\u0161la godina bila vrlo uspje\u0161na za njih te da su realizovali mnogobrojne projekte, ali i proslavili tri zna\u010dajne godi\u0161njice.<\/p>\n\n\n\n<p>Preuzeto sa: <a href=\"https:\/\/www.nezavisne.com\/novosti\/banjaluka\/12-konobara-i-kuvara-sa-Daunovim-sindromom-ubrzo-pocinje-raditi\/699658\" target=\"_blank\" rel=\"noreferrer noopener\">nezavisne.com<\/a><\/p>\n","protected":false},"excerpt":{"rendered":"<p>Osobe s Daunovim sindromom, njih 12, uskoro \u0107e po\u010deti da rade, a njihove kulinarske i konobarske sposobnosti pokaza\u0107e u &#8220;Daun<\/p>\n","protected":false},"author":1,"featured_media":16493,"comment_status":"closed","ping_status":"open","sticky":false,"template":"","format":"standard","meta":{"om_disable_all_campaigns":false,"_monsterinsights_skip_tracking":false,"_monsterinsights_sitenote_active":false,"_monsterinsights_sitenote_note":"","_monsterinsights_sitenote_category":0,"footnotes":""},"categories":[370],"tags":[7652,3937,6247,7651,3936],"class_list":["post-16483","post","type-post","status-publish","format-standard","has-post-thumbnail","hentry","category-ostalo","tag-daun-kafe","tag-daunov-sindrom","tag-konobari","tag-kuvari","tag-osobe"],"jetpack_featured_media_url":"https:\/\/www.mladibl.com\/wp-content\/uploads\/2022\/01\/12-konobara-i-kuvara-sa-Daunovim-sindromom-ubrzo-pocinje-raditi.jpg","amp_enabled":true,"_links":{"self":[{"href":"https:\/\/www.mladibl.com\/index.php?rest_route=\/wp\/v2\/posts\/16483","targetHints":{"allow":["GET"]}}],"collection":[{"href":"https:\/\/www.mladibl.com\/index.php?rest_route=\/wp\/v2\/posts"}],"about":[{"href":"https:\/\/www.mladibl.com\/index.php?rest_route=\/wp\/v2\/types\/post"}],"author":[{"embeddable":true,"href":"https:\/\/www.mladibl.com\/index.php?rest_route=\/wp\/v2\/users\/1"}],"replies":[{"embeddable":true,"href":"https:\/\/www.mladibl.com\/index.php?rest_route=%2Fwp%2Fv2%2Fcomments&post=16483"}],"version-history":[{"count":1,"href":"https:\/\/www.mladibl.com\/index.php?rest_route=\/wp\/v2\/posts\/16483\/revisions"}],"predecessor-version":[{"id":16494,"href":"https:\/\/www.mladibl.com\/index.php?rest_route=\/wp\/v2\/posts\/16483\/revisions\/16494"}],"wp:featuredmedia":[{"embeddable":true,"href":"https:\/\/www.mladibl.com\/index.php?rest_route=\/wp\/v2\/media\/16493"}],"wp:attachment":[{"href":"https:\/\/www.mladibl.com\/index.php?rest_route=%2Fwp%2Fv2%2Fmedia&parent=16483"}],"wp:term":[{"taxonomy":"category","embeddable":true,"href":"https:\/\/www.mladibl.com\/index.php?rest_route=%2Fwp%2Fv2%2Fcategories&post=16483"},{"taxonomy":"post_tag","embeddable":true,"href":"https:\/\/www.mladibl.com\/index.php?rest_route=%2Fwp%2Fv2%2Ftags&post=16483"}],"curies":[{"name":"wp","href":"https:\/\/api.w.org\/{rel}","templated":true}]}}