{"id":1648,"date":"2020-06-02T12:44:07","date_gmt":"2020-06-02T10:44:07","guid":{"rendered":"http:\/\/www.mladibl.com\/?p=1648"},"modified":"2020-06-02T12:45:04","modified_gmt":"2020-06-02T10:45:04","slug":"digitalni-alati-u-radu-organizacija-civilnog-drustva-za-organizacije-na-zapadnom-balkanu-i-u-turskoj","status":"publish","type":"post","link":"https:\/\/www.mladibl.com\/?p=1648","title":{"rendered":"&#8220;Digitalni alati u radu organizacija civilnog dru\u0161tva&#8221; za organizacije na Zapadnom Balkanu i u Turskoj"},"content":{"rendered":"\n<p>EU TASCO 3 projekat organizuje obuku na temu \u201eDigitalni alati u radu organizacija civilnog dru\u0161tva\u201c za organizacije na Zapadnom Balkanu i u Turskoj, koji \u0107e se odr\u017eati online tokom juna 2020. Rok za prijavu je 5. jun.<\/p>\n\n\n\n<p>U ponudi su dvije vrste obuke:<\/p>\n\n\n\n<p>1-Op\u0161ta obuka o digitalnim i ICT alatima, namijenjena organizacijama civilnog dru\u0161tva bez ikakvog ili sa ograni\u010denim iskustvom u kori\u0161\u0107enju digitalnih i ICT alata. Sprovodi\u0107e se u razli\u010ditim terminima a na jezicima zemalja koje projekat obuhvata (crnogorski\/srpski\/bosanski\/hrvatski; albanski, makedonski, turski) \u2013 tako da svaki u\u010desnik\/ca mo\u017ee izabrati onaj koji mu najbolje odgovara.<\/p>\n\n\n\n<p>Termini i prijava:<\/p>\n\n\n\n<p>Na crnogorskom\/srpskom\/bosanskom\/hrvatskom jeziku: 15 \u2013 16. jun (od 10h do 13h). Plan rada <a rel=\"noreferrer noopener\" aria-label=\"https:\/\/bit.ly\/2M94y5B (opens in a new tab)\" href=\"https:\/\/bit.ly\/2M94y5B\" target=\"_blank\">https:\/\/bit.ly\/2M94y5B<\/a> Prijave putem linka: <a href=\"http:\/\/surveymonkey.com\/r\/NPFGBGB\" target=\"_blank\" rel=\"noreferrer noopener\" aria-label=\"surveymonkey.com\/r\/NPFGBGB (opens in a new tab)\">surveymonkey.com\/r\/NPFGBGB<\/a><\/p>\n\n\n\n<p>Na albanskom jeziku: 18 \u2013 19. jun (od 10h do 13h). Plan rada: <a rel=\"noreferrer noopener\" aria-label=\"https:\/\/bit.ly\/2XJatUf (opens in a new tab)\" href=\"https:\/\/bit.ly\/2XJatUf\" target=\"_blank\">https:\/\/bit.ly\/2XJatUf<\/a> Prijave putem linka: <a href=\"https:\/\/www.surveymonkey.com\/r\/392GWPG\" target=\"_blank\" rel=\"noreferrer noopener\" aria-label=\"https:\/\/www.surveymonkey.com\/r\/392GWPG (opens in a new tab)\">https:\/\/www.surveymonkey.com\/r\/392GWPG<\/a><\/p>\n\n\n\n<p>Takodje, 22-23. jun na makedonskom jeziku (<a rel=\"noreferrer noopener\" aria-label=\"www.surveymonkey.com\/r\/WLJ86TC (opens in a new tab)\" href=\"http:\/\/www.surveymonkey.com\/r\/WLJ86TC\" target=\"_blank\">www.surveymonkey.com\/r\/WLJ86TC<\/a>) i 11-12. jun na turskom jeziku (<a href=\"http:\/\/www.surveymonkey.com\/r\/MB5S9WR\" target=\"_blank\" rel=\"noreferrer noopener\" aria-label=\"www.surveymonkey.com\/r\/MB5S9WR (opens in a new tab)\">www.surveymonkey.com\/r\/MB5S9WR<\/a>)<\/p>\n\n\n\n<p>2-Trodnevni specifi\u010dni trening o digitalnim i ICT alatima, koji \u0107e se sprovesti na engleskom jeziku, a namijenjen organizacijama civilnog dru\u0161tva koje imaju osnovno iskustvo u kori\u0161\u0107enju digitalnih alata (posebno one organizacije koje sprovode programe izgradnje kapaciteta, nacionalne i regionalne mre\u017ee, organizacije pru\u017eaoce socijalnih usluga, think tank-ove itd.)<\/p>\n\n\n\n<p>Termin i prijava:<\/p>\n\n\n\n<p>Ovaj trening \u0107e biti organizovan tokom tri dana, jun \u2013 1. jul (od 10h do 15h). Plan rada: <a rel=\"noreferrer noopener\" aria-label=\"https:\/\/bit.ly\/2XDK9ew (opens in a new tab)\" href=\"https:\/\/bit.ly\/2XDK9ew\" target=\"_blank\">https:\/\/bit.ly\/2XDK9ew<\/a> Prijave putem linka: <a href=\"https:\/\/www.surveymonkey.com\/r\/YSLQZN2\" target=\"_blank\" rel=\"noreferrer noopener\" aria-label=\"https:\/\/www.surveymonkey.com\/r\/YSLQZN2 (opens in a new tab)\">https:\/\/www.surveymonkey.com\/r\/YSLQZN2<\/a>.<\/p>\n\n\n\n<p>Pogledajte plan rada\/agende i prijavite u odnosu na va\u0161 nivo iskustva u kori\u0161\u0107enju digitalnih i ICT alata i \u017eeljeni radni jezik. Svaki u\u010desnik\/ca mo\u017ee se prijaviti samo za jednu obuku. Rok za prijavu je 5. jun.<\/p>\n\n\n\n<p>Sve detalje mo\u017eete na\u0107i na sajtu EU TACSO 3 projekta <a href=\"https:\/\/bit.ly\/36MSqki\" target=\"_blank\" rel=\"noreferrer noopener\" aria-label=\"https:\/\/bit.ly\/36MSqki (opens in a new tab)\">https:\/\/bit.ly\/36MSqki<\/a><\/p>\n\n\n\n<p>Preuzeto sa: <a href=\"https:\/\/www.hocu.ba\/indexphp\/hocupriliku\/digitalni-alati-u-radu-organizacija-civilnog-drustva-za-organizacije-na-zapadnom-balkanu-i-u-turskoj-2\" target=\"_blank\" rel=\"noreferrer noopener\" aria-label=\"hocu.ba (opens in a new tab)\">hocu.ba<\/a><\/p>\n","protected":false},"excerpt":{"rendered":"<p>EU TASCO 3 projekat organizuje obuku na temu \u201eDigitalni alati u radu organizacija civilnog dru\u0161tva\u201c za organizacije na Zapadnom Balkanu<\/p>\n","protected":false},"author":1,"featured_media":1649,"comment_status":"closed","ping_status":"open","sticky":false,"template":"","format":"standard","meta":{"om_disable_all_campaigns":false,"_monsterinsights_skip_tracking":false,"_monsterinsights_sitenote_active":false,"_monsterinsights_sitenote_note":"","_monsterinsights_sitenote_category":0,"footnotes":""},"categories":[6],"tags":[212,723,248,724,159],"class_list":["post-1648","post","type-post","status-publish","format-standard","has-post-thumbnail","hentry","category-dogadjaji","tag-civilno-drustvo","tag-digitalni-alati","tag-ocd","tag-tasco","tag-zapadni-balkan"],"jetpack_featured_media_url":"https:\/\/www.mladibl.com\/wp-content\/uploads\/2020\/06\/Digitalni-alati-u-radu-organizacija-civilnog-dru\u0161tva.jpg","amp_enabled":true,"_links":{"self":[{"href":"https:\/\/www.mladibl.com\/index.php?rest_route=\/wp\/v2\/posts\/1648","targetHints":{"allow":["GET"]}}],"collection":[{"href":"https:\/\/www.mladibl.com\/index.php?rest_route=\/wp\/v2\/posts"}],"about":[{"href":"https:\/\/www.mladibl.com\/index.php?rest_route=\/wp\/v2\/types\/post"}],"author":[{"embeddable":true,"href":"https:\/\/www.mladibl.com\/index.php?rest_route=\/wp\/v2\/users\/1"}],"replies":[{"embeddable":true,"href":"https:\/\/www.mladibl.com\/index.php?rest_route=%2Fwp%2Fv2%2Fcomments&post=1648"}],"version-history":[{"count":1,"href":"https:\/\/www.mladibl.com\/index.php?rest_route=\/wp\/v2\/posts\/1648\/revisions"}],"predecessor-version":[{"id":1650,"href":"https:\/\/www.mladibl.com\/index.php?rest_route=\/wp\/v2\/posts\/1648\/revisions\/1650"}],"wp:featuredmedia":[{"embeddable":true,"href":"https:\/\/www.mladibl.com\/index.php?rest_route=\/wp\/v2\/media\/1649"}],"wp:attachment":[{"href":"https:\/\/www.mladibl.com\/index.php?rest_route=%2Fwp%2Fv2%2Fmedia&parent=1648"}],"wp:term":[{"taxonomy":"category","embeddable":true,"href":"https:\/\/www.mladibl.com\/index.php?rest_route=%2Fwp%2Fv2%2Fcategories&post=1648"},{"taxonomy":"post_tag","embeddable":true,"href":"https:\/\/www.mladibl.com\/index.php?rest_route=%2Fwp%2Fv2%2Ftags&post=1648"}],"curies":[{"name":"wp","href":"https:\/\/api.w.org\/{rel}","templated":true}]}}