{"id":16401,"date":"2022-01-11T02:28:06","date_gmt":"2022-01-11T00:28:06","guid":{"rendered":"https:\/\/www.mladibl.com\/?p=16401"},"modified":"2022-01-11T02:28:07","modified_gmt":"2022-01-11T00:28:07","slug":"koncert-danice-crnogorcevic-za-pravoslavnu-novu-godinu","status":"publish","type":"post","link":"https:\/\/www.mladibl.com\/?p=16401","title":{"rendered":"Koncert Danice Crnogor\u010devi\u0107 za Pravoslavnu novu godinu"},"content":{"rendered":"\n<p>Koncert etno i duhovne muzike Danice Crnogor\u010devi\u0107 \u2013 o\u010dekuje sve koji odlu\u010de da Pravoslavnu novu godinu do\u010dekaju u Banjoj Luci.<\/p>\n\n\n\n<p>Jedna od najpopularnijih vokalnih solistkinja i interpretatorki duhovne i etno muzike iz Crne Gore odr\u017ea\u0107e koncert 13. januara, od 21.00 \u010das u porti Hrama Hrista Spasitelja.<\/p>\n\n\n\n<p>Prije koncerta Danice Crnogor\u010devi\u0107, nastupi\u0107e: Pavlina Radovanovi\u0107 iz Orahovca sa Kosova i Metohije, ANIP \u201eVeselin Masle\u0161a\u201c, KUD \u201ePelagi\u0107\u201c, KUD \u201e\u010cajavec\u201c, hor \u201eJedinstvo\u201c, grupa \u201eDar\u201c i Muzi\u010dki atelje Jelene Stani\u0161i\u0107.<\/p>\n\n\n\n<p>Nakon spektakularnih koncerata za Me\u0111unarodnu novu godinu, sugra\u0111ani i svi gosti ima\u0107e priliku i da Pravoslavnu novu godinu u na\u0161em gradu do\u010dekaju u sjajnoj atmosferi i u duhu tradicije.<\/p>\n\n\n\n<p>Preuzeto sa: <a href=\"https:\/\/www.banjaluka.rs.ba\/koncert-danice-crnogorcevic-za-pravoslavnu-novu-godinu\/\" target=\"_blank\" rel=\"noreferrer noopener\">Grad Banja Luka<\/a><\/p>\n","protected":false},"excerpt":{"rendered":"<p>Koncert etno i duhovne muzike Danice Crnogor\u010devi\u0107 \u2013 o\u010dekuje sve koji odlu\u010de da Pravoslavnu novu godinu do\u010dekaju u Banjoj Luci.<\/p>\n","protected":false},"author":1,"featured_media":16398,"comment_status":"closed","ping_status":"open","sticky":false,"template":"","format":"standard","meta":{"om_disable_all_campaigns":false,"_monsterinsights_skip_tracking":false,"_monsterinsights_sitenote_active":false,"_monsterinsights_sitenote_note":"","_monsterinsights_sitenote_category":0,"footnotes":""},"categories":[2],"tags":[7618,3536,7619],"class_list":["post-16401","post","type-post","status-publish","format-standard","has-post-thumbnail","hentry","category-vijesti","tag-danica-crnogorcevic","tag-koncert","tag-pravoslavna-nova-godina"],"jetpack_featured_media_url":"https:\/\/www.mladibl.com\/wp-content\/uploads\/2022\/01\/Koncert-Danice-Crnogorcevic-za-Pravoslavnu-novu-godinu.jpg","amp_enabled":true,"_links":{"self":[{"href":"https:\/\/www.mladibl.com\/index.php?rest_route=\/wp\/v2\/posts\/16401","targetHints":{"allow":["GET"]}}],"collection":[{"href":"https:\/\/www.mladibl.com\/index.php?rest_route=\/wp\/v2\/posts"}],"about":[{"href":"https:\/\/www.mladibl.com\/index.php?rest_route=\/wp\/v2\/types\/post"}],"author":[{"embeddable":true,"href":"https:\/\/www.mladibl.com\/index.php?rest_route=\/wp\/v2\/users\/1"}],"replies":[{"embeddable":true,"href":"https:\/\/www.mladibl.com\/index.php?rest_route=%2Fwp%2Fv2%2Fcomments&post=16401"}],"version-history":[{"count":1,"href":"https:\/\/www.mladibl.com\/index.php?rest_route=\/wp\/v2\/posts\/16401\/revisions"}],"predecessor-version":[{"id":16402,"href":"https:\/\/www.mladibl.com\/index.php?rest_route=\/wp\/v2\/posts\/16401\/revisions\/16402"}],"wp:featuredmedia":[{"embeddable":true,"href":"https:\/\/www.mladibl.com\/index.php?rest_route=\/wp\/v2\/media\/16398"}],"wp:attachment":[{"href":"https:\/\/www.mladibl.com\/index.php?rest_route=%2Fwp%2Fv2%2Fmedia&parent=16401"}],"wp:term":[{"taxonomy":"category","embeddable":true,"href":"https:\/\/www.mladibl.com\/index.php?rest_route=%2Fwp%2Fv2%2Fcategories&post=16401"},{"taxonomy":"post_tag","embeddable":true,"href":"https:\/\/www.mladibl.com\/index.php?rest_route=%2Fwp%2Fv2%2Ftags&post=16401"}],"curies":[{"name":"wp","href":"https:\/\/api.w.org\/{rel}","templated":true}]}}