{"id":16388,"date":"2022-01-11T02:26:56","date_gmt":"2022-01-11T00:26:56","guid":{"rendered":"https:\/\/www.mladibl.com\/?p=16388"},"modified":"2022-01-11T02:26:58","modified_gmt":"2022-01-11T00:26:58","slug":"dom-zdravlja-plan-vakcinacije-za-tekucu-sedmicu","status":"publish","type":"post","link":"https:\/\/www.mladibl.com\/?p=16388","title":{"rendered":"Dom zdravlja: Plan vakcinacije za teku\u0107u sedmicu"},"content":{"rendered":"\n<p>JZU \u201cDom zdravlja\u201d u Banjoj Luci organizuje \u201cOtvorena vrata\u201d na punktu za vakcinaciju u objektu Mjesne zajednice u naselju Petri\u0107evac.<\/p>\n\n\n\n<p>Termin za vakcinaciju prvom dozom vakcine je 12. januar, kada \u0107e sugra\u0111ani imati priliku da se vakcini\u0161u prvom dozom Fajzer vakcine, i to u periodu od 14:00 do 19:00 \u010dasova.<\/p>\n\n\n\n<p>-Gra\u0111ani \u0107e za navedeni datum mo\u0107i primiti Fajzer vakcinu kao prvu ili buster dozu bez naru\u010divanja \u2013 saop\u0161teno je iz ove zdravstvene ustanove.<\/p>\n\n\n\n<p>Naveli su da \u0107e se 11, 13. i 15. januara vr\u0161iti revakcinacija gra\u0111ana na punktu za vakcinaciju u objektu MZ u naselju Petri\u0107evac. Gra\u0111ani \u0107e telefonskim putem biti obavije\u0161teni o terminu revakcinacije. Napomenuli su da vakcinalni punkt \u201cPetri\u0107evac\u201d ne\u0107e raditi 10. i 14. januara.<\/p>\n\n\n\n<p>Raspored rada punktova za vakcinaciju u ambulantama porodi\u010dne medicine za period od 11. do 13. januara 2022. godine:<\/p>\n\n\n\n<p>\u2013 11. januar \u2013 Vrbanja, Zalu\u017eani, Mi\u0161in Han i Lazarevo;<\/p>\n\n\n\n<p>\u2013 12. januar \u2013 Stra\u010devica II, Srpske Toplice, Karanovac, Krupa na Vrbasu, Bo\u010dac i Obili\u0107evo;<\/p>\n\n\n\n<p>\u2013 13. januar \u2013 Gole\u0161i, Kola, Agino Selo i Poliklinika.<\/p>\n\n\n\n<p>Preuzeto sa: <a href=\"https:\/\/www.banjaluka.rs.ba\/dom-zdravlja-plan-vakcinacije-za-tekucu-sedmicu\/\" target=\"_blank\" rel=\"noreferrer noopener\">Grad Banja Luka<\/a><\/p>\n","protected":false},"excerpt":{"rendered":"<p>JZU \u201cDom zdravlja\u201d u Banjoj Luci organizuje \u201cOtvorena vrata\u201d na punktu za vakcinaciju u objektu Mjesne zajednice u naselju Petri\u0107evac.<\/p>\n","protected":false},"author":1,"featured_media":16399,"comment_status":"closed","ping_status":"open","sticky":false,"template":"","format":"standard","meta":{"om_disable_all_campaigns":false,"_monsterinsights_skip_tracking":false,"_monsterinsights_sitenote_active":false,"_monsterinsights_sitenote_note":"","_monsterinsights_sitenote_category":0,"footnotes":""},"categories":[2],"tags":[53,55,7173],"class_list":["post-16388","post","type-post","status-publish","format-standard","has-post-thumbnail","hentry","category-vijesti","tag-banja-luka","tag-dom-zdravlja","tag-plan-vakcinacije"],"jetpack_featured_media_url":"https:\/\/www.mladibl.com\/wp-content\/uploads\/2022\/01\/Dom-zdravlja-Plan-vakcinacije-za-tekucu-sedmicu.jpg","amp_enabled":true,"_links":{"self":[{"href":"https:\/\/www.mladibl.com\/index.php?rest_route=\/wp\/v2\/posts\/16388","targetHints":{"allow":["GET"]}}],"collection":[{"href":"https:\/\/www.mladibl.com\/index.php?rest_route=\/wp\/v2\/posts"}],"about":[{"href":"https:\/\/www.mladibl.com\/index.php?rest_route=\/wp\/v2\/types\/post"}],"author":[{"embeddable":true,"href":"https:\/\/www.mladibl.com\/index.php?rest_route=\/wp\/v2\/users\/1"}],"replies":[{"embeddable":true,"href":"https:\/\/www.mladibl.com\/index.php?rest_route=%2Fwp%2Fv2%2Fcomments&post=16388"}],"version-history":[{"count":1,"href":"https:\/\/www.mladibl.com\/index.php?rest_route=\/wp\/v2\/posts\/16388\/revisions"}],"predecessor-version":[{"id":16400,"href":"https:\/\/www.mladibl.com\/index.php?rest_route=\/wp\/v2\/posts\/16388\/revisions\/16400"}],"wp:featuredmedia":[{"embeddable":true,"href":"https:\/\/www.mladibl.com\/index.php?rest_route=\/wp\/v2\/media\/16399"}],"wp:attachment":[{"href":"https:\/\/www.mladibl.com\/index.php?rest_route=%2Fwp%2Fv2%2Fmedia&parent=16388"}],"wp:term":[{"taxonomy":"category","embeddable":true,"href":"https:\/\/www.mladibl.com\/index.php?rest_route=%2Fwp%2Fv2%2Fcategories&post=16388"},{"taxonomy":"post_tag","embeddable":true,"href":"https:\/\/www.mladibl.com\/index.php?rest_route=%2Fwp%2Fv2%2Ftags&post=16388"}],"curies":[{"name":"wp","href":"https:\/\/api.w.org\/{rel}","templated":true}]}}