{"id":16355,"date":"2022-01-10T00:21:36","date_gmt":"2022-01-09T22:21:36","guid":{"rendered":"https:\/\/www.mladibl.com\/?p=16355"},"modified":"2022-01-10T00:21:38","modified_gmt":"2022-01-09T22:21:38","slug":"koncertom-i-svjetlosnom-projekcijom-zavrseno-obiljezavanje-dana-republike","status":"publish","type":"post","link":"https:\/\/www.mladibl.com\/?p=16355","title":{"rendered":"Koncertom i svjetlosnom projekcijom zavr\u0161eno obilje\u017eavanje Dana Republike"},"content":{"rendered":"\n<p>Koncertom Etno grupe \u201eTrag\u201c pred velikim brojem sugra\u0111ana u Muzi\u010dkom paviljonu Parka \u201cPetar Ko\u010di\u0107\u201d i svjetlosnom projekcijom na zgradi Gradske uprave, zavr\u0161eno je obilje\u017eavanje Dana Republike Srpske u organizaciji Grada Banje Luke.<\/p>\n\n\n\n<p>Organizacijom ovih doga\u0111aja Grad je dao svoj doprinos kako bi povodom 30. ro\u0111endana Republike Srpske bio uprili\u010den \u0161to bogatiji program. Osim toga, Banja Luka kao najve\u0107i grad Srpske aktivno je u\u010destvovala u pripremi obilje\u017eavanja Dana Republike, te su u tom pogledu pravovremeno ispo\u0161tovani svi tehni\u010dki zahtjevi.<\/p>\n\n\n\n<p>Povodom obilje\u017eavanja Dana Republike Srpske, a u \u010dast velikom heroju Milanu Tepi\u0107u, u istoimenoj ulici, otkrivena je Spomen-plo\u010da s obzirom na to da je krajem septembra 2021. godine nastupila tridesetogodi\u0161njica njegove smrti.<\/p>\n\n\n\n<p>Tako\u0111e, simboli\u010dno na 30. ro\u0111endan Republike Srpske, Grad Banja Luka danas je raspisao Me\u0111unarodni op\u0161ti konkurs za izradu idejnog rje\u0161enja za Centralno gradsko spomen-obilje\u017eje poginulim i nestalim borcima Odbrambeno-otad\u017ebinskog rata Republike Srpske, koje \u0107e Banja Luka dobiti nakon skoro tri decenije.<\/p>\n\n\n\n<p>Preuzeto sa: <a href=\"https:\/\/www.banjaluka.rs.ba\/koncertom-i-svjetlosnom-projekcijom-zavrseno-obiljezevanje-dana-republike\/\" target=\"_blank\" rel=\"noreferrer noopener\">Grad Banja Luka<\/a><\/p>\n","protected":false},"excerpt":{"rendered":"<p>Koncertom Etno grupe \u201eTrag\u201c pred velikim brojem sugra\u0111ana u Muzi\u010dkom paviljonu Parka \u201cPetar Ko\u010di\u0107\u201d i svjetlosnom projekcijom na zgradi Gradske<\/p>\n","protected":false},"author":1,"featured_media":16366,"comment_status":"closed","ping_status":"open","sticky":false,"template":"","format":"standard","meta":{"om_disable_all_campaigns":false,"_monsterinsights_skip_tracking":false,"_monsterinsights_sitenote_active":false,"_monsterinsights_sitenote_note":"","_monsterinsights_sitenote_category":0,"footnotes":""},"categories":[2],"tags":[5268,2716,130],"class_list":["post-16355","post","type-post","status-publish","format-standard","has-post-thumbnail","hentry","category-vijesti","tag-30-godina","tag-dan-republike","tag-republika-srpska"],"jetpack_featured_media_url":"https:\/\/www.mladibl.com\/wp-content\/uploads\/2022\/01\/Koncertom-i-svjetlosnom-projekcijom-zavrseno-obiljezavanje-Dana-Republike.jpg","amp_enabled":true,"_links":{"self":[{"href":"https:\/\/www.mladibl.com\/index.php?rest_route=\/wp\/v2\/posts\/16355","targetHints":{"allow":["GET"]}}],"collection":[{"href":"https:\/\/www.mladibl.com\/index.php?rest_route=\/wp\/v2\/posts"}],"about":[{"href":"https:\/\/www.mladibl.com\/index.php?rest_route=\/wp\/v2\/types\/post"}],"author":[{"embeddable":true,"href":"https:\/\/www.mladibl.com\/index.php?rest_route=\/wp\/v2\/users\/1"}],"replies":[{"embeddable":true,"href":"https:\/\/www.mladibl.com\/index.php?rest_route=%2Fwp%2Fv2%2Fcomments&post=16355"}],"version-history":[{"count":1,"href":"https:\/\/www.mladibl.com\/index.php?rest_route=\/wp\/v2\/posts\/16355\/revisions"}],"predecessor-version":[{"id":16367,"href":"https:\/\/www.mladibl.com\/index.php?rest_route=\/wp\/v2\/posts\/16355\/revisions\/16367"}],"wp:featuredmedia":[{"embeddable":true,"href":"https:\/\/www.mladibl.com\/index.php?rest_route=\/wp\/v2\/media\/16366"}],"wp:attachment":[{"href":"https:\/\/www.mladibl.com\/index.php?rest_route=%2Fwp%2Fv2%2Fmedia&parent=16355"}],"wp:term":[{"taxonomy":"category","embeddable":true,"href":"https:\/\/www.mladibl.com\/index.php?rest_route=%2Fwp%2Fv2%2Fcategories&post=16355"},{"taxonomy":"post_tag","embeddable":true,"href":"https:\/\/www.mladibl.com\/index.php?rest_route=%2Fwp%2Fv2%2Ftags&post=16355"}],"curies":[{"name":"wp","href":"https:\/\/api.w.org\/{rel}","templated":true}]}}