{"id":1622,"date":"2020-06-01T10:49:35","date_gmt":"2020-06-01T08:49:35","guid":{"rendered":"http:\/\/www.mladibl.com\/?p=1622"},"modified":"2020-06-01T10:49:38","modified_gmt":"2020-06-01T08:49:38","slug":"stipendije-za-ucenike-koji-upisu-deficitarna-zanimanja","status":"publish","type":"post","link":"https:\/\/www.mladibl.com\/?p=1622","title":{"rendered":"Stipendije za u\u010denike koji upi\u0161u deficitarna zanimanja"},"content":{"rendered":"\n<p>\u201eVlada Republike Srpske, na inicijativu premijera, donijela je odluku na osnovu koje \u0107e se finansijski stimulisati upis u\u010denika u odre\u0111ena deficitarna zanimanja na nivou lokalnih zajednica&#8221;, potvrdila je ovo na dana\u0161njoj konferenciji za novinare ministar prosvjete i kulture Republike Srpske Natalija Trivi\u0107.<\/p>\n\n\n\n<p>Ona je naglasila da je rije\u010d o nov\u010danoj naknadi na mjese\u010dnom nivou.<\/p>\n\n\n\n<p>\u201eTo konkretno zna\u010di da \u0107emo za sve u\u010denike koji \u017eele da upi\u0161u deficitarna zanimanja na nivou lokalne zajednice obezbijediti nov\u010danu naknadu na mjese\u010dnom nivou u iznosu od 100 KM te snositi tro\u0161kove prevoza&#8221;, potvrdila je ministarka Trivi\u0107.<\/p>\n\n\n\n<p>Ona je istakla da ove stimulativne mjere predstavljaju opredjeljenje Vlade Republike Srpske da zajedno sa privrednom zajednicom kreira usmjerene upisne politike.<\/p>\n\n\n\n<p>\u201eDeficitarna zanimanja u pojedinim lokalnim zajednicama, izme\u0111u ostalih,  su zanimanja modni kroja\u010d, modni obu\u0107ar, modni galanterista, zidar, armira\u010d \u2013 betonirac, pekar, mesar, bravar zavariva\u010d, elektri\u010dar-elektroinstalater, alatni\u010dar, pekar, rukovalac gra\u0111evinskih i pretovarnih ma\u0161ina, kuvar, rasadni\u010dar i druga zanimanja potreba tr\u017ei\u0161tu rada&#8221;, rekla je ministar Natalija Trivi\u0107 i dodala da je razgovarano sa privrednicima da omogu\u0107e zapo\u0161ljavanje \u0111aka koji se opredijele za ova zanimanja, a po zavr\u0161etku srednjih \u0161kola.<\/p>\n\n\n\n<p>S ciljem unapre\u0111enja povezanosti obrazovanja i tr\u017ei\u0161ta rada Ministarstvo prosvjete i kulture Republike Srpske je, prilikom kreiranja upisne politike za prve razrede srednjih \u0161kola, vodilo ra\u010duna o deficitarnim zanimanjima za podru\u010dja svih jedinica lokalne samouprave u kojima se nalaze srednje \u0161kole. Prema tome, a u skladu sa iskazanim potrebama tr\u017ei\u0161ta rada u lokalnim zajednicama te ustanovljenoj deficitarnosti odre\u0111enih zanimanja, utvr\u0111ena je lista ovih zanimanja po jedinicama lokalne samouprave, odnosno srednjim \u0161kolama.<\/p>\n\n\n\n<p>U skladu sa tim, u banjolu\u010dkim srednjim \u0161kolama rije\u010d je o zanimanjima zidar, armira\u010d-betonirac, pekar, mesar, bravar-zavariva\u010d, te tehni\u010dar modelar obu\u0107ar.<\/p>\n\n\n\n<p>Osim u Banjoj Luci, zanimljanje bravar zavariva\u010d je deficitrano i u sljede\u0107im gradovima i op\u0161tinama: \u010celinac, Prijedor, Kozarska Dubica, Doboj,Petrovo, Brod, Derventa, \u0160amac, Bijeljina, Lopare, Zvornik, \u0160ekovi\u0107i, Mili\u0107i, Bratunac, Rudo, Gacko, Nevesinje i Bile\u0107a.<\/p>\n\n\n\n<p>Zanimanje elektri\u010dar-elektroinstalater deficitrano je u Mrkonji\u0107 Gradu, Novom Gradu, Doboju i Trebinju; alatni\u010dar i pekar u Prijedoru; zanimanje rukovalac gra\u0111evinskih i pretovarnih ma\u0161ina u Tesli\u0107u i Trebinju; kuvar u Tesli\u0107u, modni obu\u0107ar u Derventi, mehani\u010dar grejne i rashladne tehnike u Vukosavlju i Trebinju, modni kroja\u010d i modni galanterista u Palama, rasadni\u010dar u Fo\u010di, prehrambeni prera\u0111iva\u010d u Srebrenici; obra\u0111iva\u010d metala rezanjem u Bratuncu i Derventi.<\/p>\n\n\n\n<p>Pregled svih deficitarnih zanimanja za koje \u0107e Vlada Republike Srpske finansirati stipendije u iznosu od 100 KM i prevoz na mjese\u010dnom nivou, u\u010denicima koji se upisuju u prvi razred srednje \u0161kole u \u0161kolskoj 2020\/21. godini dostupan je na portalu Vlade Republike Srpske (www.vladars.net), na stranici Ministarstva prosvjete i kulture (<strong><a href=\"https:\/\/vladars.net\/sr-SP-Cyrl\/Vlada\/Ministarstva\/mpk\/Documents\/Pregled%20deficitarnih%20zanimanja%2020-21_396916588.pdf\" target=\"_blank\" rel=\"noreferrer noopener\" aria-label=\"link (opens in a new tab)\">link<\/a><\/strong>).<\/p>\n\n\n\n<p>Dokumenti za preuzimanje:<\/p>\n\n\n\n<ul class=\"wp-block-list\"><li><strong><a rel=\"noreferrer noopener\" aria-label=\"Deficitarna zanimanja u \u0161kolskoj 2020-2021. godini (opens in a new tab)\" href=\"https:\/\/vladars.net\/sr-SP-Cyrl\/Vlada\/Ministarstva\/mpk\/Documents\/%D0%94%D0%B5%D1%84%D0%B8%D1%86%D0%B8%D1%82%D0%B0%D1%80%D0%BD%D0%B0%20%D0%B7%D0%B0%D0%BD%D0%B8%D0%BC%D0%B0%D1%9A%D0%B0%20%D1%83%20%D1%88%D0%BA%D0%BE%D0%BB%D1%81%D0%BA%D0%BE%D1%98%202020-2021.%20%D0%B3%D0%BE%D0%B4%D0%B8%D0%BD%D0%B8_032493072.pdf\" target=\"_blank\">Deficitarna zanimanja u \u0161kolskoj 2020-2021. godini<\/a><\/strong><\/li><\/ul>\n\n\n\n<p>Preuzeto sa: <a href=\"https:\/\/vladars.net\/sr-SP-Cyrl\/Vlada\/Ministarstva\/mpk\/media\/vijesti\/Pages\/podsticaji.aspx\" target=\"_blank\" rel=\"noreferrer noopener\" aria-label=\"Ministarstvo prosvjete i kulture (opens in a new tab)\">Ministarstvo prosvjete i kulture<\/a><\/p>\n","protected":false},"excerpt":{"rendered":"<p>\u201eVlada Republike Srpske, na inicijativu premijera, donijela je odluku na osnovu koje \u0107e se finansijski stimulisati upis u\u010denika u odre\u0111ena<\/p>\n","protected":false},"author":1,"featured_media":1623,"comment_status":"closed","ping_status":"open","sticky":false,"template":"","format":"standard","meta":{"om_disable_all_campaigns":false,"_monsterinsights_skip_tracking":false,"_monsterinsights_sitenote_active":false,"_monsterinsights_sitenote_note":"","_monsterinsights_sitenote_category":0,"footnotes":""},"categories":[5],"tags":[709,60,568],"class_list":["post-1622","post","type-post","status-publish","format-standard","has-post-thumbnail","hentry","category-stipendije","tag-deficitarna-zanimanja","tag-stipendije","tag-ucenici"],"jetpack_featured_media_url":"https:\/\/www.mladibl.com\/wp-content\/uploads\/2020\/06\/Vlada-RS.jpg","amp_enabled":true,"_links":{"self":[{"href":"https:\/\/www.mladibl.com\/index.php?rest_route=\/wp\/v2\/posts\/1622","targetHints":{"allow":["GET"]}}],"collection":[{"href":"https:\/\/www.mladibl.com\/index.php?rest_route=\/wp\/v2\/posts"}],"about":[{"href":"https:\/\/www.mladibl.com\/index.php?rest_route=\/wp\/v2\/types\/post"}],"author":[{"embeddable":true,"href":"https:\/\/www.mladibl.com\/index.php?rest_route=\/wp\/v2\/users\/1"}],"replies":[{"embeddable":true,"href":"https:\/\/www.mladibl.com\/index.php?rest_route=%2Fwp%2Fv2%2Fcomments&post=1622"}],"version-history":[{"count":1,"href":"https:\/\/www.mladibl.com\/index.php?rest_route=\/wp\/v2\/posts\/1622\/revisions"}],"predecessor-version":[{"id":1624,"href":"https:\/\/www.mladibl.com\/index.php?rest_route=\/wp\/v2\/posts\/1622\/revisions\/1624"}],"wp:featuredmedia":[{"embeddable":true,"href":"https:\/\/www.mladibl.com\/index.php?rest_route=\/wp\/v2\/media\/1623"}],"wp:attachment":[{"href":"https:\/\/www.mladibl.com\/index.php?rest_route=%2Fwp%2Fv2%2Fmedia&parent=1622"}],"wp:term":[{"taxonomy":"category","embeddable":true,"href":"https:\/\/www.mladibl.com\/index.php?rest_route=%2Fwp%2Fv2%2Fcategories&post=1622"},{"taxonomy":"post_tag","embeddable":true,"href":"https:\/\/www.mladibl.com\/index.php?rest_route=%2Fwp%2Fv2%2Ftags&post=1622"}],"curies":[{"name":"wp","href":"https:\/\/api.w.org\/{rel}","templated":true}]}}