{"id":16191,"date":"2021-12-31T10:55:09","date_gmt":"2021-12-31T08:55:09","guid":{"rendered":"https:\/\/www.mladibl.com\/?p=16191"},"modified":"2021-12-31T10:55:10","modified_gmt":"2021-12-31T08:55:10","slug":"radno-vrijeme-povodom-predstojecih-praznika","status":"publish","type":"post","link":"https:\/\/www.mladibl.com\/?p=16191","title":{"rendered":"Radno vrijeme povodom predstoje\u0107ih praznika"},"content":{"rendered":"\n<p>Povodom predstoje\u0107ih novogodi\u0161njih i bo\u017ei\u0107nih praznika, te obilje\u017eavanja i praznovanja Dana Republike Srpske obavje\u0161tavamo gra\u0111ane Banje Luke o neradnim danima, te izmijenjenom radnom vremenu za pravna lica i preduzetnike, koji posluju na podru\u010dju grada Banje Luke, de\u017eurstvu mati\u010dara Gradske uprave i rasporedu rada u Domu zdravlja.<\/p>\n\n\n\n<p>U skladu sa Zakonom o praznicima Republike Srpske (\u201eSl.Glasnik RS\u201c br. 43\/07) neradni dani povodom Nove godine su 1. i 2. januar 2022. godine, ali s obzirom na to da drugi dan republi\u010dkog praznika (2. januar) pada u nedjelju u skladu sa gore navedenim zakonom, praznovanje ovog datuma se prenosi u ponedjeljak \u2013 3. januar, pa su neradni dani:<\/p>\n\n\n\n<ul class=\"wp-block-list\"><li>1, 2. i 3. januar (subota, nedjelja i ponedjeljak).<br>U dane republi\u010dkih praznika ne rade republi\u010dki organi i organizacije, organi jedinice lokalne samouprave, preduze\u0107a, ustanove i druge organizacije i lica koja profesionalno obavljaju uslu\u017ene i proizvodne djelatnosti.<\/li><\/ul>\n\n\n\n<p>U skladu sa Zakonom o praznicima Republike Srpske, Zakonom o Danu Republike Srpske i Odlukom o na\u010dinu obilje\u017eavanja i praznovanja Dana Republike Srpske 9. januar \u2013 Dan Republike Srpske je neradni dan.<\/p>\n\n\n\n<p>Kako je saop\u0161teno iz Ministarstva uprave i lokalne samouprave na Dan Republike Srpske ne rade republi\u010dki organi i organizacije,organi jedinica lokalne samouprave, privredna dru\u0161tva, ustanove i druge organizacije, kao i lica koja profesionalno obavljaju uslu\u017eno-preduzetni\u010dke djelatnosti.<\/p>\n\n\n\n<p>U dane pravoslavnog Bo\u017ei\u0107a, koji je po Zakonu o praznicima Republike Srpske (\u201eSlu\u017ebeni glasnik Republike Srpske\u201c, broj 43\/07) vjerski praznik, za vjernike pravoslavne vjeroispovijesti, neradni dani su:<\/p>\n\n\n\n<ul class=\"wp-block-list\"><li>6. januar \u2013 Badnji dan<\/li><li>7. januar \u2013 Bo\u017ei\u0107<\/li><\/ul>\n\n\n\n<p>Radnici pravoslavne vjeroispovijesti imaju pravo na pla\u0107eni izostanak sa radnog mjesta u te dane.<\/p>\n\n\n\n<p>Istovremeno, kako se navodi u saop\u0161tenju, Vlada Republike Srpske je donijela Zaklju\u010dak da ponedjeljak, 10. januar i petak, 14. januar 2022.godine, proglasi neradnim danima. U te dane ne\u0107e raditi republi\u010dki organi i organizacije, organi jedinica lokalne samouprave javna preduze\u0107a i ustanove. Rukovodioci navedenih organa su obavezni da u toku kalendarske godine organizuju rad zbog ostvarivanja punog godi\u0161njeg fonda radnih dana.<\/p>\n\n\n\n<p>Neradni dani i de\u017eurstva u Gradskoj upravi<\/p>\n\n\n\n<p>U skladu sa Zakonom o praznicima Republike Srpske, zbog obilje\u017eavanja novogodi\u0161njih i bo\u017ei\u0107nih praznika, Gradska uprava Grada Banje Luke ne\u0107e raditi u ponedjeljak 3. januara, kao ni u \u010detvrtak i petak \u2013 6. i 7. januara 2022. godine. Gradska uprava ne\u0107e raditi ni 10. i 14. januara u skladu sa Zaklju\u010dkom Vlade Republike Srpske<\/p>\n\n\n\n<p>Iz Odjeljenja za op\u0161tu upravu napominju da \u0107e u te dane za eventualne hitne slu\u010dajeve \u2013 slu\u010dajeve smrti lica, \u010diji je upis u MK umrlih neodlo\u017ean radi prevoza tijela van teritorije BiH, biti organizovano telefonsko de\u017eurstvo mati\u010dara.<\/p>\n\n\n\n<p>Mati\u010dari se mogu kontaktirati 3, 6, 7, 10. i 14. januara u terminu od 8.00 do 13.00 \u010dasova putem telefona broj: 051 244 \u2013 444. Za svaki dan de\u017eurstva poziv \u0107e biti proslije\u0111en de\u017eurnom mati\u010daru.<\/p>\n\n\n\n<p>Radno vrijeme za praznike<\/p>\n\n\n\n<p>Zakonom je precizirano da u dane republi\u010dkih praznika ne rade republi\u010dki organi i organizacije, organi jedinica lokalne samouprave, preduze\u0107a, ustanove i druge organizacije i lica koja profesionalno obavljaju uslu\u017ene i proizvodne djelatnosti.<\/p>\n\n\n\n<p>U subotu, 1. januara, kao i na Dan Republike Srpske \u2013 9. januara, a u skladu sa Odlukom o odre\u0111ivanju radnog vremena pravnim licima i preduzetnicima, koji obavljaju trgovinsku, zanatsku i uslu\u017enu djelatnost na podru\u010dju grada Banja Luka rade:<\/p>\n\n\n\n<p>\u2013 u vremenu od 00.00 do 24.00 \u010dasa pravna lica i preduzetnici koji obavljaju djelatnost proizvodnje hljeba, peciva, svje\u017ee tjestenine i kola\u010da, i prodaja istih; trgovinski objekti tipa \u201edragstor\u201c i trgovinski objekti u autobuskim i \u017eeljezni\u010dkim stanicama i na benzinskim pumpnim stanicama, te<\/p>\n\n\n\n<p>\u2013 u vremenu od 8.00 do 21.00 \u010das \u2013 trgovine na malo pogrebnom opremom.<\/p>\n\n\n\n<p>Navedeni subjekti mogu da rade i 2. januara (nedjelja) i 3. januara (ponedjeljak) u gore navedenom radnom vremenu.<\/p>\n\n\n\n<p>Radno vrijeme tr\u017enica na malo odnosno pijaca, odre\u0111uje se pija\u010dnim redom.<\/p>\n\n\n\n<p>U nedjelju, 02. januara i ponedjeljak, 3. januara, od 8.00 do 16.00 \u010dasova mogu da rade i pravna lica i preduzetnici koji obavljaju trgovinsku, zanatsku i uslu\u017enu djelatnost, te trgova\u010dki centri u vremenu od 8.00 do 22.00 \u010dasa.<\/p>\n\n\n\n<p>Kada je rije\u010d o ugostiteljskim objektima, za vrijeme praznika, sve do 15. januara, a u skladu sa Zaklju\u010dkom gradona\u010delnika, ugostiteljski objekti na podru\u010dju grada Banja Luka, smje\u0161teni van stambeno \u2013 poslovnih objekata kolektivnog poslovanja, mogu raditi u vremenu od 7.00 do 2.00 \u010dasa narednog dana.<\/p>\n\n\n\n<p>Prema odredbama istog Zaklju\u010dka, ugostiteljski objekti smje\u0161teni u stambeno-poslovnim objektima kolektivnog stanovanja mogu da rade u vremenu od 7.00 do 2.00 \u010dasa, u dane 31.12.2021\/1.1. 2022, 1.1\/2.1.2022, 6.1\/7.1.2022. i 13.1\/14.1.2022. godine , dok su u ostale dane du\u017eni da se pridr\u017eavaju redovnog radnog vremena od 7.00 do 23.00 \u010dasa.<\/p>\n\n\n\n<p>Javni prevoz<\/p>\n\n\n\n<p>Gradski i prigradski prevoz za vrijeme praznika vozi\u0107e putnike po prazni\u010dnom re\u017eimu odnosno isto kao i nedjeljom.<\/p>\n\n\n\n<p>Dom zdravlja i de\u017eurna apoteka<\/p>\n\n\n\n<p>Za vrijeme novogodi\u0161njih praznika u Domu zdravlja radi\u0107e se prema rasporedu koji mo\u017eete pogledati OVDJE.<\/p>\n\n\n\n<p>Povodom obilje\u017eavanja proslave Nove godine, na Trgu Krajine bi\u0107e obezbije\u0111ene sanitetske ekipe Slu\u017ebe hitne medicinske pomo\u0107i 31. decembra i 1. januara 2022. godine.<\/p>\n\n\n\n<p>De\u017eurna apoteka za vrijeme novogodi\u0161njih praznika bi\u0107e \u201e1. maj\u201c u Ulici Milana Tepi\u0107a.<\/p>\n\n\n\n<p>Preuzeto sa: <a href=\"https:\/\/www.banjaluka.rs.ba\/radno-vrijeme-povodom-predstojecih-praznika\/\" target=\"_blank\" rel=\"noreferrer noopener\">Grad Banja Luka<\/a><\/p>\n","protected":false},"excerpt":{"rendered":"<p>Povodom predstoje\u0107ih novogodi\u0161njih i bo\u017ei\u0107nih praznika, te obilje\u017eavanja i praznovanja Dana Republike Srpske obavje\u0161tavamo gra\u0111ane Banje Luke o neradnim danima,<\/p>\n","protected":false},"author":1,"featured_media":16185,"comment_status":"closed","ping_status":"open","sticky":false,"template":"","format":"standard","meta":{"om_disable_all_campaigns":false,"_monsterinsights_skip_tracking":false,"_monsterinsights_sitenote_active":false,"_monsterinsights_sitenote_note":"","_monsterinsights_sitenote_category":0,"footnotes":""},"categories":[2],"tags":[2715,2732],"class_list":["post-16191","post","type-post","status-publish","format-standard","has-post-thumbnail","hentry","category-vijesti","tag-praznici","tag-radno-vrijeme"],"jetpack_featured_media_url":"https:\/\/www.mladibl.com\/wp-content\/uploads\/2021\/12\/Radno-vrijeme-povodom-predstojecih-praznika.jpg","amp_enabled":true,"_links":{"self":[{"href":"https:\/\/www.mladibl.com\/index.php?rest_route=\/wp\/v2\/posts\/16191","targetHints":{"allow":["GET"]}}],"collection":[{"href":"https:\/\/www.mladibl.com\/index.php?rest_route=\/wp\/v2\/posts"}],"about":[{"href":"https:\/\/www.mladibl.com\/index.php?rest_route=\/wp\/v2\/types\/post"}],"author":[{"embeddable":true,"href":"https:\/\/www.mladibl.com\/index.php?rest_route=\/wp\/v2\/users\/1"}],"replies":[{"embeddable":true,"href":"https:\/\/www.mladibl.com\/index.php?rest_route=%2Fwp%2Fv2%2Fcomments&post=16191"}],"version-history":[{"count":1,"href":"https:\/\/www.mladibl.com\/index.php?rest_route=\/wp\/v2\/posts\/16191\/revisions"}],"predecessor-version":[{"id":16192,"href":"https:\/\/www.mladibl.com\/index.php?rest_route=\/wp\/v2\/posts\/16191\/revisions\/16192"}],"wp:featuredmedia":[{"embeddable":true,"href":"https:\/\/www.mladibl.com\/index.php?rest_route=\/wp\/v2\/media\/16185"}],"wp:attachment":[{"href":"https:\/\/www.mladibl.com\/index.php?rest_route=%2Fwp%2Fv2%2Fmedia&parent=16191"}],"wp:term":[{"taxonomy":"category","embeddable":true,"href":"https:\/\/www.mladibl.com\/index.php?rest_route=%2Fwp%2Fv2%2Fcategories&post=16191"},{"taxonomy":"post_tag","embeddable":true,"href":"https:\/\/www.mladibl.com\/index.php?rest_route=%2Fwp%2Fv2%2Ftags&post=16191"}],"curies":[{"name":"wp","href":"https:\/\/api.w.org\/{rel}","templated":true}]}}