{"id":1619,"date":"2020-06-01T10:39:25","date_gmt":"2020-06-01T08:39:25","guid":{"rendered":"http:\/\/www.mladibl.com\/?p=1619"},"modified":"2020-06-01T10:39:27","modified_gmt":"2020-06-01T08:39:27","slug":"objavljen-konkurs-za-upis-ucenika-u-srednje-skole","status":"publish","type":"post","link":"https:\/\/www.mladibl.com\/?p=1619","title":{"rendered":"Objavljen konkurs za upis u\u010denika u srednje \u0161kole"},"content":{"rendered":"\n<p>Ministar prosvjete i kulture Republike Srpske Natalija Trivi\u0107 rekla je da je objavljen Konkurs za upis u\u010denika u srednje \u0161kole, u \u0161kolskoj 2020\/21. godini, i da se o\u010dekuje upis oko 9.800 u\u010denika koji zavr\u0161avaju osnovnu \u0161kolu.<\/p>\n\n\n\n<p>U prve razrede srednjih \u0161kola planiran je upis 10.969 u\u010denika, od \u010dega 2.677 u\u010denika raspore\u0111enih u 119 odjeljenja zanimanja tre\u0107eg stepena slo\u017eenosti i 8.298 u\u010denika raspore\u0111enih u 348 odjeljenja zanimanja \u010detvrtog stepena slo\u017eenosti.<\/p>\n\n\n\n<p>Ministar Natalija Trivi\u0107, na dana\u0161njoj konferenciji za medije, istakla je da je Ministarstvo  upisne politike pripremilo u saradnji sa lokalnim zajednicama i privredom kako bi bile prilago\u0111ene potrebama tr\u017ei\u0161ta rada.<\/p>\n\n\n\n<p>\u201eNa\u0161 cilj je da u\u010denicima, koji ne \u017eele nastaviti \u0161kolovanje, osiguramo zaposlenje, a onima koji planiraju da nastave obrazovanje,  dobre kompetencije za nastavak \u0161kolovanja. Tr\u017ei\u0161tu rada potrebna su zanimanja u oblasti ma\u0161inske, tekstilne i drvoprera\u0111iva\u010dke industrije&#8221;, rekla je Trivi\u0107eva. Podsjetila je da od pro\u0161le godine imamo potpisane ugovore sa oko 100 privrednih dru\u0161tava koji obezbje\u0111uju pla\u0107ene u\u010deni\u010dke prakse u tim privrednim subjektima.<\/p>\n\n\n\n<p>Napomenula je da je izmjenama Zakona o srednjem obrazovanju i vaspitanju definisano  da 25 odsto prakti\u010dne nastave treba da se obavi kod poslodavca.<\/p>\n\n\n\n<p>\u201e\u017delimo da omogu\u0107imo da na\u0161i u\u010denici po zavr\u0161etku srednje \u0161kole, po principu dualnog obrazovanja, imaju vje\u0161tine, kompetencije i stru\u010dnost kako bi mogli kvalitetno da obavljaju poslove na radnom mjestu&#8221;, rekla je ministar Natalija Trivi\u0107.<\/p>\n\n\n\n<p>Naglasila je i da su sve  srednje \u0161kole, uz  tekst konkursa na oglasnoj tabli \u0161kole, obavezne da objave i plan upisa u\u010denika, tabelarni pregled o broju nezaposlenih radnika i njihovo zapo\u0161ljavanje u 2019. godini, te podatak o deficitarnim zanimanjima za svoju \u0161kolu kako bi u\u010denici imali pregled \u0161ta je tra\u017eeno na tr\u017ei\u0161tu rada.<\/p>\n\n\n\n<p>Prilikom upisa, kandidati se mogu prijaviti u najvi\u0161e dva zanimanja u stru\u010dnim \u0161kolama, dva smjera u gimnaziji ili dva odsjeka u umjetni\u010dkim \u0161kolama i u tom slu\u010daju im se  boduju rezultati u uspjehu u oba zanimanja, smjera ili odsjeka, a rangiranje se vr\u0161i prema uspjehu u oba zanimanja, smjera ili odsjeka.<\/p>\n\n\n\n<p>Redoslijed kandidata utvr\u0111uje se prema ukupnom broju bodova, a bodovanje vr\u0161i na osnovu op\u0161teg uspjeha u osnovnoj \u0161koli, uspjeha iz pet predmeta zna\u010dajnih za zanimanje u stru\u010dnim \u0161kolama, smjeru u gimnaziji ili odsjeku u umjetni\u010dkim \u0161kolama, za koji kandidat konkuri\u0161e, te na osnovu rezultata ostvarenih na posebnom ispitu za umjetni\u010dke \u0161kole.<\/p>\n\n\n\n<p>Javnim konkursom odre\u0111ena su dva upisna roka, i to: junski rok \u2013 od 15. do 26. juna i julski rok \u2013 od 6. do 17. jula 2020. godine.   <\/p>\n\n\n\n<p>U junskom upisnom roku, prijem dokumenata za upis u\u010denika u srednje \u010detvorogodi\u0161nje \u0161kole po\u010dinje u ponedjeljak, 15. 06. 2020. godine,  a zavr\u0161ava se u utorak,  16. 06. 2020. godine, za u\u010denike koji imaju 60 i vi\u0161e bodova. Rezultati  upisa  objavljuju se u \u010detvrtak, 18. 06. 2020. godine. Prijem dokumenata za upis u\u010denika u srednje \u010detvorogodi\u0161nje i trogodi\u0161nje \u0161kole po\u010dinje u ponedjeljak, 22. 06. 2020. godine, a zavr\u0161ava se u srijedu,  24. 06. 2020. godine, za u\u010denike koji imaju manje od 60 bodova. Rezultati  upisa  objavljuju se u petak, 26. 06. 2020. godine.<\/p>\n\n\n\n<p>U julskom upisnom roku, prijem dokumenata za upis u\u010denika u srednje \u010detvorogodi\u0161nje  \u0161kole i srednje trogodi\u0161nje \u0161kole po\u010dinje u ponedjeljak,  06. 07. 2020. godine, a zavr\u0161ava se u srijedu, 08. 07. 2020. godine.  Rezultati  upisa objavljuju se u petak, 10. 07. 2020. godine. Od ponedjeljka, 13. 07. 2020. godine, do petka 17.07.2020. godine, kandidati koji nisu zadovoljili uslove konkursa za \u017eeljeno zanimanje upisuju se u \u0161kole, odnosno smjerove u gimnazijama, struke i zanimanja u srednjim tehni\u010dkim i srednjim stru\u010dnim \u0161kolama gdje ima slobodnog mjesta.<\/p>\n\n\n\n<p>Kada je rije\u010d o upisu u\u010denika u srednje umjetni\u010dke \u0161kole, prijem dokumenata u junskom upisnom roku po\u010dinje u ponedjeljak, 15. 06. 2020. godine, a zavr\u0161ava se u utorak,  16. 06. 2020. godine, dok se posebni ispit u junskom upisnom roku kandidati pola\u017eu u \u010detvrtak, 18. 06. 2020. godine i u petak, 19. 06. 2020 godine. Rezultati upisa objavljuju se u subotu, 20. 06. 2020. godine.<\/p>\n\n\n\n<p>Prijem dokumenata za upis u\u010denika u srednje umjetni\u010dke \u0161kole u julskom upisnom roku  po\u010dinje u ponedjeljak,  06. 07. 2020. godine, a zavr\u0161ava se u utorak,  07. 07. 2020. godine, dok posebni ispit kandidati pola\u017eu u \u010detvrtak,  09.07.2020. godine i petak, 10.07.2020. godine. Rezultati upisa objavljuju se u subotu,  11.07.2020. godine.<\/p>\n\n\n\n<p>Od ponedjeljka, 13.07.2020. godine do petka 17.07.2020. godine, kandidati koji nisu zadovoljili uslove konkursa za \u017eeljeno zanimanje upisuju se u srednje \u0161kole gdje ima slobodnog mjesta.<\/p>\n\n\n\n<p>Pravo upisa u prvi razred srednjih \u0161kola imaju u\u010denici sa zavr\u0161enom osnovnom \u0161kolom koji nisu stariji od 17 godina na dan upisa. Lica koja se upisuju u \u0161kole za u\u010denike sa smetnjama u razvoju mogu imati drugu dobnu granicu za upis u prvi razred, a najvi\u0161e do navr\u0161ene 21. godine i oni se \u0161koluju u skladu sa preporukama navedenim u nalazu i mi\u0161ljenju stru\u010dne komisije. U\u010denici sa posebnim obrazovno-vaspitnim potrebama upisuju se na osnovu nalaza i mi\u0161ljenja stru\u010dne komisije o procjeni potreba i usmjeravanju djece i omladine sa smetnjama u razvoju, a koje donosi nadle\u017ena ustanova i oni ne podlije\u017eu kriterijumima bodovanja za upis.<\/p>\n\n\n\n<p>Svi u\u010denici sa teritorije Republike Srpske i Federacije BiH konkuri\u0161u pod jednakim uslovima za upis u prvi razred javne \u0161kole, bez obzira na to gdje su zavr\u0161ili osnovnu \u0161kolu, a pod istim uslovima mogu da konkuri\u0161u i upisuju se i u\u010denici iz drugih dr\u017eava. Ispunjavanje uslova kandidati dokazuju originalnim svjedo\u010danstvima o zavr\u0161enim razredima osnovne \u0161kole i izvodom iz mati\u010dne knjige ro\u0111enih, odnosno dokazom o izvr\u0161enoj nostrifikaciji diplome kada je rije\u010d o u\u010denicima iz druge dr\u017eave.<\/p>\n\n\n\n<p>Javni konkurs za upis u\u010denika u prvi razred srednjih \u0161kola Republike Srpske u \u0161kolskoj 2020\/2021. godini, kao i plan upisa,  dostupni su i na portalu Vlade Republike Srpske (www.vladars.net) na stranici Ministarstva prosvjete i kulture.<\/p>\n\n\n\n<p>Dokumenti za preuzimanje:<\/p>\n\n\n\n<ul class=\"wp-block-list\"><li><strong><a rel=\"noreferrer noopener\" aria-label=\"Prilog uz Plan upisa u\u010denika u srednje \u0161kole za \u0161kolsku 2020-2021. godini (opens in a new tab)\" href=\"https:\/\/vladars.net\/sr-SP-Cyrl\/Vlada\/Ministarstva\/mpk\/Documents\/%D0%9F%D1%80%D0%B8%D0%BB%D0%BE%D0%B3%20%D1%83%D0%B7%20%D0%9F%D0%BB%D0%B0%D0%BD%20%D1%83%D0%BF%D0%B8%D1%81%D0%B0%20%D1%83%D1%87%D0%B5%D0%BD%D0%B8%D0%BA%D0%B0%20%D1%83%20%D1%81%D1%80%D0%B5%D0%B4%D1%9A%D0%B5%20%D1%88%D0%BA%D0%BE%D0%BB%D0%B5%20%D0%B7%D0%B0%20%D1%88%D0%BA%D0%BE%D0%BB%D1%81%D0%BA%D1%83%202020-2021.%20%D0%B3%D0%BE%D0%B4%D0%B8%D0%BD%D0%B8_439914114.pdf\" target=\"_blank\">Prilog uz Plan upisa u\u010denika u srednje \u0161kole za \u0161kolsku 2020-2021. godini<\/a><\/strong><\/li><li><strong><a href=\"https:\/\/vladars.net\/sr-SP-Cyrl\/Vlada\/Ministarstva\/mpk\/Documents\/%D0%9A%D0%BE%D0%BD%D0%BA%D1%83%D1%80%D1%81%20%D0%B7%D0%B0%20%D1%83%D0%BF%D0%B8%D1%81%20%D1%83%D1%87%D0%B5%D0%BD%D0%B8%D0%BA%D0%B0%20%D1%83%20%D0%BF%D1%80%D0%B2%D0%B8%20%D1%80%D0%B0%D0%B7%D1%80%D0%B5%D0%B4%20%D1%81%D1%80%D0%B5%D0%B4%D1%9A%D0%B8%D1%85%20%D1%88%D0%BA%D0%BE%D0%BB%D0%B0%20%D1%83%20%D1%88%D0%BA%D0%BE%D0%BB%D1%81%D0%BA%D0%BE%D1%98%202020-2021.%20%D0%B3%D0%BE%D0%B4%D0%B8%D0%BD%D0%B8_438039129.pdf\" target=\"_blank\" rel=\"noreferrer noopener\" aria-label=\"Konkurs za upis u\u010denika u prvi razred srednjih \u0161kola u \u0161kolskoj 2020-2021. godini (opens in a new tab)\">Konkurs za upis u\u010denika u prvi razred srednjih \u0161kola u \u0161kolskoj 2020-2021. godini<\/a><\/strong><\/li><\/ul>\n\n\n\n<p>Preuzeto sa: <a href=\"https:\/\/vladars.net\/sr-SP-Cyrl\/Vlada\/Ministarstva\/mpk\/media\/vijesti\/Pages\/konkurs.aspx\" target=\"_blank\" rel=\"noreferrer noopener\" aria-label=\"Ministarstvo prosvjete i kulture (opens in a new tab)\">Ministarstvo prosvjete i kulture<\/a><\/p>\n","protected":false},"excerpt":{"rendered":"<p>Ministar prosvjete i kulture Republike Srpske Natalija Trivi\u0107 rekla je da je objavljen Konkurs za upis u\u010denika u srednje \u0161kole,<\/p>\n","protected":false},"author":1,"featured_media":1620,"comment_status":"closed","ping_status":"open","sticky":false,"template":"","format":"standard","meta":{"om_disable_all_campaigns":false,"_monsterinsights_skip_tracking":false,"_monsterinsights_sitenote_active":false,"_monsterinsights_sitenote_note":"","_monsterinsights_sitenote_category":0,"footnotes":""},"categories":[2],"tags":[306,298,61,700],"class_list":["post-1619","post","type-post","status-publish","format-standard","has-post-thumbnail","hentry","category-vijesti","tag-konkurs","tag-srednje-skole","tag-srednjoskolci","tag-upis"],"jetpack_featured_media_url":"https:\/\/www.mladibl.com\/wp-content\/uploads\/2020\/06\/Objavljen-konkurs-za-upis-u\u010denika-u-srednje-\u0161kole.jpg","amp_enabled":true,"_links":{"self":[{"href":"https:\/\/www.mladibl.com\/index.php?rest_route=\/wp\/v2\/posts\/1619","targetHints":{"allow":["GET"]}}],"collection":[{"href":"https:\/\/www.mladibl.com\/index.php?rest_route=\/wp\/v2\/posts"}],"about":[{"href":"https:\/\/www.mladibl.com\/index.php?rest_route=\/wp\/v2\/types\/post"}],"author":[{"embeddable":true,"href":"https:\/\/www.mladibl.com\/index.php?rest_route=\/wp\/v2\/users\/1"}],"replies":[{"embeddable":true,"href":"https:\/\/www.mladibl.com\/index.php?rest_route=%2Fwp%2Fv2%2Fcomments&post=1619"}],"version-history":[{"count":1,"href":"https:\/\/www.mladibl.com\/index.php?rest_route=\/wp\/v2\/posts\/1619\/revisions"}],"predecessor-version":[{"id":1621,"href":"https:\/\/www.mladibl.com\/index.php?rest_route=\/wp\/v2\/posts\/1619\/revisions\/1621"}],"wp:featuredmedia":[{"embeddable":true,"href":"https:\/\/www.mladibl.com\/index.php?rest_route=\/wp\/v2\/media\/1620"}],"wp:attachment":[{"href":"https:\/\/www.mladibl.com\/index.php?rest_route=%2Fwp%2Fv2%2Fmedia&parent=1619"}],"wp:term":[{"taxonomy":"category","embeddable":true,"href":"https:\/\/www.mladibl.com\/index.php?rest_route=%2Fwp%2Fv2%2Fcategories&post=1619"},{"taxonomy":"post_tag","embeddable":true,"href":"https:\/\/www.mladibl.com\/index.php?rest_route=%2Fwp%2Fv2%2Ftags&post=1619"}],"curies":[{"name":"wp","href":"https:\/\/api.w.org\/{rel}","templated":true}]}}