{"id":16189,"date":"2021-12-31T10:53:06","date_gmt":"2021-12-31T08:53:06","guid":{"rendered":"https:\/\/www.mladibl.com\/?p=16189"},"modified":"2021-12-31T10:53:07","modified_gmt":"2021-12-31T08:53:07","slug":"banja-luka-spremna-za-najbolji-docek-nove-godine","status":"publish","type":"post","link":"https:\/\/www.mladibl.com\/?p=16189","title":{"rendered":"Banja Luka spremna za najbolji do\u010dek Nove godine"},"content":{"rendered":"\n<p>Banja Luka se priprema za spektakularan do\u010dek Nove godine, gdje sve na\u0161e sugra\u0111ane i turiste o\u010dekuje fenomenalna atmosfera uz sjajne koncerte regionalnih zvijezda Petra Gra\u0161e, Nede Ukraden i Ane Bekute.<\/p>\n\n\n\n<p>U toku je postavljanje bine u centru grada, a zbog velike zainteresovanosti na\u0161ih sugra\u0111ana i velikog broja turista iz zemlje i regiona koji \u0107e Novu godinu do\u010dekati u na\u0161em gradu, odlu\u010deno je da se bina postavi na glavnu gradsku saobra\u0107ajnicu.<\/p>\n\n\n\n<p>\u2013 Imaju\u0107i u vidu da su u Banjoj Luci popunjeni svi smje\u0161tajni kapaciteti, o\u010dekujemo veliki broj turista, te smo uzimaju\u0107i u obzir bezbjednost i epidemiolo\u0161ke mjere donijeli odluku da obustavimo saobra\u0107aj i da binu pozicioniramo na glavnu ulicu \u2013 izme\u0111u Trga Krajine i Parka \u201ePetar Ko\u010di\u0107\u201c. S obzirom na to da je za monta\u017eu bine potrebno minimalno 48 \u010dasova, bili smo prinu\u0111eni ranije obustaviti saobra\u0107aj, te molimo gra\u0111ane za razumijevanje \u2013 poru\u010dila je savjetnica gradona\u010delnika za dru\u0161tvene djelatnosti Milada \u0160ukalo.<\/p>\n\n\n\n<p>Rije\u010d je o bini koja \u0107e biti prilago\u0111ena zimskim uslovima, a istovremeno uz spektakularne svjetlosne efekte i LED ekran povr\u0161ine od 80 kvadratnih metara, doprinije\u0107e novogodi\u0161njoj \u010daroliji u na\u0161em gradu.<\/p>\n\n\n\n<p>Prema rasporedu, program obje ve\u010deri (31. decembar i 1. januar) po\u010dinje od 19.30 \u010dasova nastupima predgrupa, i to:<\/p>\n\n\n\n<p>31. decembar \u2013 Jovana \u017divkovi\u0107 i \u201eMoondance\u201c, te Balkan ekspres;<\/p>\n\n\n\n<ol class=\"wp-block-list\"><li>januar 2022. godine \u2013 Nikolina Peji\u0107 i Marko \u0160i\u0161ljagi\u0107, kao i Balkan House bend.<\/li><\/ol>\n\n\n\n<p>U novogodi\u0161njoj no\u0107i, 31. decembra, o\u010dekuju nas koncerti Petra Gra\u0161e od 21.00 do 23.00 \u010dasa, a zatim Nede Ukraden, koja \u0107e zabavljati prisutne sve do jedan \u010das iza pono\u0107i.<\/p>\n\n\n\n<p>U 23.59 \u010dasova uslijedi\u0107e odbrojavnje i novogodi\u0161nji vatromet.<\/p>\n\n\n\n<p>Prvi dan nove, 2022. godine \u2013 nastavlja se sjajna zabava kada \u0107e, poslije nastupa predgrupa \u2013 od 21.15 \u010dasova po\u010deti koncert Ane Bekute.<\/p>\n\n\n\n<p>Uz koncerte, svi posjetioci mogu da u\u017eivaju u zimskoj \u010daroliji u centru grada uz mno\u0161tvo lampica, novogodi\u0161nje jelke, prekrasne dekoracije, posebno ure\u0111enu ku\u0107icu Djeda Mraza u Parku \u201ePetar Ko\u010di\u0107\u201c, klizali\u0161te, luna-park i sjajnu gastro ponudu.<\/p>\n\n\n\n<p>Za ove zimske praznike grad je posebno ukra\u0161en i u potpunosti je zablistao u duhu novogodi\u0161njih praznika, a na Trgu Krajine postavljena je digitalna jelka, visoka oko 12 metara.<\/p>\n\n\n\n<p>Program proslave Dje\u010dije nove godine<\/p>\n\n\n\n<p>U dru\u0161tvu Bake Mrazice, uz mnogo plesa i pjesme, najmla\u0111e sugra\u0111ane 31. decembra od 11.00 do 13.00 \u010dasova na Trgu Krajine o\u010dekuje zanimljiv program.<\/p>\n\n\n\n<p>Na\u0161i mali\u0161ani ima\u0107e priliku da se zabave uz dobro poznate hitove Dje\u010dijeg hora \u201eVrap\u010di\u0107i\u201c i da zaple\u0161u sa plesa\u010dima Baletnog studija \u201eAlegro\u201c.<\/p>\n\n\n\n<p>Tako\u0111e, na\u0161e najmla\u0111e zabavlja\u0107e Elena Kesi\u0107 iz Vokalnog ateljea \u201eMaMa VoX\u201c, ali i izvo\u0111a\u010di sa \u0110ur\u0111evdanskog festivala, \u201eZagi festa\u201c, kao i Festivala \u201eMali kompozitor\u201c.<\/p>\n\n\n\n<p>Zanimljiv dje\u010diji program priredi\u0107e i \u0160kola sporta \u201eKasper\u201c, te Dje\u010dije carstvo \u2013 mladi pisci.<\/p>\n\n\n\n<p>Podr\u0161ka dru\u0161tveno \u2013 odgovornih kompanija<\/p>\n\n\n\n<p>Spektakularan do\u010dek Nove godine Grad Banja Luka realizovao je uz podr\u0161ku brojnih dru\u0161tveno-odgovornih kompanija.<\/p>\n\n\n\n<p>Grad je zahvalan kompanijama, koje su donacijama podr\u017eale organizaciju ove manifestacije, kako bismo sugra\u0111anima uljep\u0161ali praznike ali i privukli turiste u na\u0161 grad, jer \u0107e to zasigurno pove\u0107ati zaradu na\u0161im ugostiteljima, trgovcima, hotelijerima i drugim preduzetnicima iz oblasti uslu\u017enih djelatnosti.<\/p>\n\n\n\n<p>Organizaciju do\u010deka Nove godine podr\u017eale su sljede\u0107e kompanije: m:tel, Coca-Cola, NLB banka, \u010cisto\u0107a a.d. Banja Luka, ALF-OM, IdealKompani Banja Luka, Muehlbauer AG, Unicreditbank Banja Luka.<\/p>\n\n\n\n<p>Preuzeto sa: <a href=\"https:\/\/www.banjaluka.rs.ba\/banja-luka-spremna-na-najbolji-docek-nove-godine\/\" target=\"_blank\" rel=\"noreferrer noopener\">Grad Banja Luka<\/a><\/p>\n","protected":false},"excerpt":{"rendered":"<p>Banja Luka se priprema za spektakularan do\u010dek Nove godine, gdje sve na\u0161e sugra\u0111ane i turiste o\u010dekuje fenomenalna atmosfera uz sjajne<\/p>\n","protected":false},"author":1,"featured_media":16186,"comment_status":"closed","ping_status":"open","sticky":false,"template":"","format":"standard","meta":{"om_disable_all_campaigns":false,"_monsterinsights_skip_tracking":false,"_monsterinsights_sitenote_active":false,"_monsterinsights_sitenote_note":"","_monsterinsights_sitenote_category":0,"footnotes":""},"categories":[2],"tags":[53,6981],"class_list":["post-16189","post","type-post","status-publish","format-standard","has-post-thumbnail","hentry","category-vijesti","tag-banja-luka","tag-docek-nove-godine"],"jetpack_featured_media_url":"https:\/\/www.mladibl.com\/wp-content\/uploads\/2021\/12\/Banja-Luka-spremna-za-najbolji-docek-Nove-godine.jpg","amp_enabled":true,"_links":{"self":[{"href":"https:\/\/www.mladibl.com\/index.php?rest_route=\/wp\/v2\/posts\/16189","targetHints":{"allow":["GET"]}}],"collection":[{"href":"https:\/\/www.mladibl.com\/index.php?rest_route=\/wp\/v2\/posts"}],"about":[{"href":"https:\/\/www.mladibl.com\/index.php?rest_route=\/wp\/v2\/types\/post"}],"author":[{"embeddable":true,"href":"https:\/\/www.mladibl.com\/index.php?rest_route=\/wp\/v2\/users\/1"}],"replies":[{"embeddable":true,"href":"https:\/\/www.mladibl.com\/index.php?rest_route=%2Fwp%2Fv2%2Fcomments&post=16189"}],"version-history":[{"count":1,"href":"https:\/\/www.mladibl.com\/index.php?rest_route=\/wp\/v2\/posts\/16189\/revisions"}],"predecessor-version":[{"id":16190,"href":"https:\/\/www.mladibl.com\/index.php?rest_route=\/wp\/v2\/posts\/16189\/revisions\/16190"}],"wp:featuredmedia":[{"embeddable":true,"href":"https:\/\/www.mladibl.com\/index.php?rest_route=\/wp\/v2\/media\/16186"}],"wp:attachment":[{"href":"https:\/\/www.mladibl.com\/index.php?rest_route=%2Fwp%2Fv2%2Fmedia&parent=16189"}],"wp:term":[{"taxonomy":"category","embeddable":true,"href":"https:\/\/www.mladibl.com\/index.php?rest_route=%2Fwp%2Fv2%2Fcategories&post=16189"},{"taxonomy":"post_tag","embeddable":true,"href":"https:\/\/www.mladibl.com\/index.php?rest_route=%2Fwp%2Fv2%2Ftags&post=16189"}],"curies":[{"name":"wp","href":"https:\/\/api.w.org\/{rel}","templated":true}]}}